{"id":8046,"date":"2018-01-02T23:56:34","date_gmt":"2018-01-03T05:56:34","guid":{"rendered":"https:\/\/barradecomercio.org\/?p=8046"},"modified":"2018-01-03T00:00:04","modified_gmt":"2018-01-03T06:00:04","slug":"nueva-obligacion-para-camiones-doble-remolque","status":"publish","type":"post","link":"https:\/\/barradecomercio.org\/?p=8046","title":{"rendered":"Nueva obligaci\u00f3n para camiones doble remolque"},"content":{"rendered":"<div id=\"attachment_8047\" style=\"width: 310px\" class=\"wp-caption alignleft\"><img data-recalc-dims=\"1\" loading=\"lazy\" decoding=\"async\" aria-describedby=\"caption-attachment-8047\" class=\"size-medium wp-image-8047\" src=\"https:\/\/i0.wp.com\/barradecomercio.org\/wp-content\/uploads\/2018\/01\/M_2018.01.SCT_.tractocamiones.jpg?resize=300%2C170&#038;ssl=1\" alt=\"Nueva obligaci\u00f3n para camiones doble remolque\" width=\"300\" height=\"170\" srcset=\"https:\/\/i0.wp.com\/barradecomercio.org\/wp-content\/uploads\/2018\/01\/M_2018.01.SCT_.tractocamiones.jpg?resize=300%2C170&amp;ssl=1 300w, https:\/\/i0.wp.com\/barradecomercio.org\/wp-content\/uploads\/2018\/01\/M_2018.01.SCT_.tractocamiones.jpg?resize=220%2C126&amp;ssl=1 220w, https:\/\/i0.wp.com\/barradecomercio.org\/wp-content\/uploads\/2018\/01\/M_2018.01.SCT_.tractocamiones.jpg?w=460&amp;ssl=1 460w\" sizes=\"auto, (max-width: 300px) 100vw, 300px\" \/><p id=\"caption-attachment-8047\" class=\"wp-caption-text\">Nueva obligaci\u00f3n para camiones doble remolque<\/p><\/div>\n<div id=\"contenthost\" data-win-options=\"{home: '\/pages\/home\/home.html'}\" data-win-control=\"Application.PageControlNavigator\">\n<div class=\"win-disposable pagecontrol\">\n<div id=\"themeRoot\" class=\"default-theme\">\n<div id=\"mainContainer\" class=\"grid3x4\">\n<div id=\"editor\" class=\"editor-container\" data-win-control=\"UX.Control.Editor\">\n<div class=\"default-theme\" aria-label=\"themeRoot\">\n<div class=\"editor\" contenteditable=\"true\" spellcheck=\"true\">\n<p>La Norma Oficial Mexicana sobre el peso y dimensiones m\u00e1ximas para el autotransporte federal (<a href=\"http:\/\/www.dof.gob.mx\/nota_detalle.php?codigo=5508944&amp;fecha=26\/12\/2017\" target=\"_blank\" rel=\"noopener\"><strong>NOM-012-SCT-2-2017<\/strong><\/a>), fue publicada el pasado 26 de diciembre en el Diario Oficial de la Federaci\u00f3n (DOF), por lo que la actualizaci\u00f3n de esta disposici\u00f3n entrar\u00e1 en vigor hacia la <strong>tercera semana de febrero de 2018<\/strong>.<\/p>\n<p>Como fue dado a conocer, la actualizaci\u00f3n del NOM-012 fortalece las medidas de seguridad para las configuraciones de tractocami\u00f3n <strong>doblemente articulado (full)<\/strong>, al eliminar el concepto de full diferenciado e implementar medidas de seguridad uniformes para todo este tipo de veh\u00ed\u00adculos.<\/p>\n<p>Una de las condiciones que tendr\u00e1n a partir de la actualizaci\u00f3n de la NOM-012, es que los <strong>tractocamiones doblemente articulados <\/strong>tendr\u00e1n que ser registrados ante la Secretar\u00ed\u00ada de Comunicaciones y Transportes (SCT), <strong>en donde la dependencia tendr\u00e1 un plazo de hasta 30 d\u00ed\u00adas naturales a partir de la entrada en vigor<\/strong> para establecer las acciones y mecanismos que permitan a los permisionarios tramitar la Autorizaci\u00f3n expresa de circulaci\u00f3n del tractocami\u00f3n doblemente articulado.<\/p>\n<p class=\"blockquote\">Es decir, que la SCT tendr\u00e1 hasta marzo para determinar los mecanismos, y al concluirse la misma los permisionarios tendr\u00e1n un plazo de 90 d\u00ed\u00adas naturales (cerca de mayo 2018) para concluir este tr\u00e1mite.<\/p>\n<p>En el numeral 6.1.2.2.4, se determina que las configuraciones tractocami\u00f3n doblemente articulado (<strong>TSR y TSS<\/strong>) <strong>deber\u00e1n estar equipadas con Sistemas de Posicionamiento Global <\/strong>(GPS, por sus siglas en ingl\u00e9s), que reportar\u00e1 como m\u00ed\u00adnimo los siguientes elementos: posici\u00f3n y velocidad, debi\u00e9ndose prever un respaldo de la informaci\u00f3n que genere el GPS, informaci\u00f3n que el permisionario deber\u00e1 poner a disposici\u00f3n de la Secretar\u00ed\u00ada y Polic\u00ed\u00ada Federal para su consulta, conforme a los Lineamientos que emita la Secretar\u00ed\u00ada.<\/p>\n<p>Para lo anterior, la SCT tendr\u00e1 60 d\u00ed\u00adas naturales para emitir los lineamientos referentes al uso del GPS y el c\u00f3mo se presentar\u00e1 la informaci\u00f3n ante la dependencia y la Polic\u00ed\u00ada Federal.<\/p>\n<div><\/div>\n<div><img data-recalc-dims=\"1\" loading=\"lazy\" decoding=\"async\" class=\"alignleft size-full wp-image-6400\" src=\"https:\/\/i0.wp.com\/barradecomercio.org\/wp-content\/uploads\/2015\/06\/LOGO-BNCEs.jpg?resize=220%2C68&#038;ssl=1\" alt=\"Barradecomercio LOGO\" width=\"220\" height=\"68\" \/><\/div>\n<p>&nbsp;<\/p>\n<p>&nbsp;<\/p>\n<h3>www.barradecomercio.org<\/h3>\n<p>&nbsp;<\/p>\n<\/div>\n<\/div>\n<\/div>\n<\/div>\n<\/div>\n<\/div>\n<\/div>\n","protected":false},"excerpt":{"rendered":"<p>La Norma Oficial Mexicana sobre el peso y dimensiones m\u00e1ximas para el autotransporte federal (NOM-012-SCT-2-2017), fue publicada el pasado 26 de diciembre en el Diario Oficial de la Federaci\u00f3n (DOF), por lo que la actualizaci\u00f3n de esta disposici\u00f3n entrar\u00e1 en vigor hacia la tercera semana de febrero de 2018. Como fue dado a conocer, la&hellip; <br \/> <a class=\"read-more\" href=\"https:\/\/barradecomercio.org\/?p=8046\">Seguir leyendo&#8230;<\/a><\/p>\n","protected":false},"author":2,"featured_media":8047,"comment_status":"open","ping_status":"open","sticky":false,"template":"","format":"standard","meta":{"jetpack_post_was_ever_published":false,"_jetpack_newsletter_access":"","_jetpack_dont_email_post_to_subs":false,"_jetpack_newsletter_tier_id":0,"_jetpack_memberships_contains_paywalled_content":false,"_jetpack_memberships_contains_paid_content":false,"footnotes":""},"categories":[312],"tags":[1567,1570,1069,1571,75,55,1566,1565,73,66,1568,1569],"table_tags":[],"class_list":["post-8046","post","type-post","status-publish","format-standard","has-post-thumbnail","hentry","category-logistica-2","tag-articulado","tag-caminos","tag-camion","tag-carreteras","tag-logistica","tag-nom","tag-nom-012-sct","tag-remolque","tag-sct","tag-transporte","tag-tsr","tag-tss"],"jetpack_featured_media_url":"https:\/\/i0.wp.com\/barradecomercio.org\/wp-content\/uploads\/2018\/01\/M_2018.01.SCT_.tractocamiones.jpg?fit=460%2C260&ssl=1","jetpack-related-posts":[],"jetpack_sharing_enabled":true,"_links":{"self":[{"href":"https:\/\/barradecomercio.org\/index.php?rest_route=\/wp\/v2\/posts\/8046","targetHints":{"allow":["GET"]}}],"collection":[{"href":"https:\/\/barradecomercio.org\/index.php?rest_route=\/wp\/v2\/posts"}],"about":[{"href":"https:\/\/barradecomercio.org\/index.php?rest_route=\/wp\/v2\/types\/post"}],"author":[{"embeddable":true,"href":"https:\/\/barradecomercio.org\/index.php?rest_route=\/wp\/v2\/users\/2"}],"replies":[{"embeddable":true,"href":"https:\/\/barradecomercio.org\/index.php?rest_route=%2Fwp%2Fv2%2Fcomments&post=8046"}],"version-history":[{"count":4,"href":"https:\/\/barradecomercio.org\/index.php?rest_route=\/wp\/v2\/posts\/8046\/revisions"}],"predecessor-version":[{"id":8051,"href":"https:\/\/barradecomercio.org\/index.php?rest_route=\/wp\/v2\/posts\/8046\/revisions\/8051"}],"wp:featuredmedia":[{"embeddable":true,"href":"https:\/\/barradecomercio.org\/index.php?rest_route=\/wp\/v2\/media\/8047"}],"wp:attachment":[{"href":"https:\/\/barradecomercio.org\/index.php?rest_route=%2Fwp%2Fv2%2Fmedia&parent=8046"}],"wp:term":[{"taxonomy":"category","embeddable":true,"href":"https:\/\/barradecomercio.org\/index.php?rest_route=%2Fwp%2Fv2%2Fcategories&post=8046"},{"taxonomy":"post_tag","embeddable":true,"href":"https:\/\/barradecomercio.org\/index.php?rest_route=%2Fwp%2Fv2%2Ftags&post=8046"},{"taxonomy":"table_tags","embeddable":true,"href":"https:\/\/barradecomercio.org\/index.php?rest_route=%2Fwp%2Fv2%2Ftable_tags&post=8046"}],"curies":[{"name":"wp","href":"https:\/\/api.w.org\/{rel}","templated":true}]}}