{"id":7961,"date":"2017-10-12T00:40:40","date_gmt":"2017-10-12T06:40:40","guid":{"rendered":"https:\/\/barradecomercio.org\/?p=7961"},"modified":"2017-10-12T00:43:08","modified_gmt":"2017-10-12T06:43:08","slug":"declarar-el-domicilio-fiscal-no-es-el-del-despacho-contable","status":"publish","type":"post","link":"https:\/\/barradecomercio.org\/?p=7961","title":{"rendered":"Declarar el domicilio fiscal, no es el del despacho contable."},"content":{"rendered":"<div>\n<div id=\"attachment_7962\" style=\"width: 310px\" class=\"wp-caption alignleft\"><img data-recalc-dims=\"1\" loading=\"lazy\" decoding=\"async\" aria-describedby=\"caption-attachment-7962\" class=\"size-medium wp-image-7962\" src=\"https:\/\/i0.wp.com\/barradecomercio.org\/wp-content\/uploads\/2017\/10\/M_domicilio_fiscal.jpg?resize=300%2C170&#038;ssl=1\" alt=\"Domicilio fiscal, no es el del despacho contable.\" width=\"300\" height=\"170\" srcset=\"https:\/\/i0.wp.com\/barradecomercio.org\/wp-content\/uploads\/2017\/10\/M_domicilio_fiscal.jpg?resize=300%2C170&amp;ssl=1 300w, https:\/\/i0.wp.com\/barradecomercio.org\/wp-content\/uploads\/2017\/10\/M_domicilio_fiscal.jpg?resize=220%2C126&amp;ssl=1 220w, https:\/\/i0.wp.com\/barradecomercio.org\/wp-content\/uploads\/2017\/10\/M_domicilio_fiscal.jpg?w=460&amp;ssl=1 460w\" sizes=\"auto, (max-width: 300px) 100vw, 300px\" \/><p id=\"caption-attachment-7962\" class=\"wp-caption-text\">Domicilio fiscal, no es el del despacho contable.<\/p><\/div>\n<p>En ocasiones nos hemos preguntado: cu\u00e1l es el domicilio correcto que debo de informar a la autoridad fiscal para el momento que \u00e9sta tenga que apersonarse. A este tema probablemente no se le da la importancia que se merece, incluso por desconocimiento de las disposiciones fiscales, algunos se\u00f1alan domicilios incorrectos.<\/p>\n<\/div>\n<div><\/div>\n<div><\/div>\n<div>El domicilio fiscal es aquel que se establece en el art\u00ed\u00adculo 10 del C\u00f3digo Fiscal de la Federaci\u00f3n, donde nos dice qu\u00e9 se considera como tal, trat\u00e1ndose de personas f\u00ed\u00adsicas en su fracci\u00f3n I y de personas morales en la fracci\u00f3n II.<\/div>\n<div><\/div>\n<div><\/div>\n<div>Hay que ser cautelosos, no podemos manifestar el que nosotros estimemos correcto, a menos de que la estimaci\u00f3n sea en atento al art\u00ed\u00adculo d\u00e9cimo del CFF, de lo contrario la autoridad puede aplicar lo que dicta el \u00faltimo p\u00e1rrafo de este numeral, m\u00e1s adelante lo comentar\u00e9.<\/div>\n<div><\/div>\n<div><strong> \u00a0<\/strong><\/div>\n<h3> \u00bfQu\u00e9 har\u00e1 la autoridad si no se manifiesta domicilio o el contribuyente no se localiza en el mismo?<\/h3>\n<div><\/div>\n<div><\/div>\n<div>Seg\u00fan el art\u00ed\u00adculo 10 del CFF:<\/div>\n<blockquote>\n<div><\/div>\n<div class=\"blockquote\">\u00e2\u20ac\u00a6considerar\u00e1 como domicilio el que hayan manifestado a las entidades financieras o a las sociedades cooperativas de ahorro y pr\u00e9stamo, cuando sean usuarios de los servicios que presten \u00e9stas<\/div>\n<\/blockquote>\n<div><\/div>\n<div><\/div>\n<div>Sin embargo, no es todo lo que conforme a este mismo art\u00ed\u00adculo aplica, a continuaci\u00f3n, transcribo el \u00faltimo p\u00e1rrafo:<\/div>\n<div><\/div>\n<div><\/div>\n<blockquote>\n<div class=\"blockquote\">Cuando los contribuyentes no hayan designado un domicilio fiscal estando obligados a ello, o hubieran designado como domicilio fiscal un lugar distinto al que les corresponda de acuerdo con lo dispuesto en este mismo \u00a0 precepto o cuando hayan manifestado un domicilio ficticio, \u00a0 <strong>las autoridades fiscales podr\u00e1n practicar diligencias en \u00a0 cualquier lugar en el que realicen sus actividades o en el \u00a0 lugar que conforme a este art\u00ed\u00adculo se considere su domicilio, indistintamente<\/strong>.&#8221;<\/div>\n<\/blockquote>\n<div><\/div>\n<div>En la actualidad existen pr\u00e1cticas incorrectas por parte de contribuyentes personas f\u00ed\u00adsicas e incluso personas morales, por ejemplo, informar como domicilio fiscal el despacho del contador que les presta los servicios.<\/div>\n<div><\/div>\n<div><\/div>\n<div>Lo anterior no se debe de hacer, puesto que no va de acuerdo a lo establecido en el fundamento legal en menci\u00f3n. Por lo tanto, estar\u00ed\u00ada en contra de la disposici\u00f3n fiscal y esto trae repercusiones.<\/div>\n<div><\/div>\n<div><\/div>\n<div>Otra pr\u00e1ctica indebida que se comete y es a\u00fan m\u00e1s com\u00fan que la anterior, es decirle a la autoridad siempre cada vez que se apersona, que el representante legal no se encuentra en el domicilio manifestado, cuando se supone que \u00e9l declar\u00f3 tal ubicaci\u00f3n para que se le encuentre.<\/div>\n<div><\/div>\n<h3> \u00bfCu\u00e1l es la repercusi\u00f3n?<\/h3>\n<div><\/div>\n<div><\/div>\n<div>El art\u00ed\u00adculo 80 del CFF en su fracci\u00f3n I, se\u00f1ala una multa que va de entre los $ 3,080.00 a $ 9,250.00, por se\u00f1alar como domicilio fiscal para efectos del registro federal de contribuyentes, un lugar distinto del que corresponda conforme al art\u00ed\u00adculo 10 del mismo C\u00f3digo.<\/div>\n<div><\/div>\n<div><\/div>\n<div>Cuando la autoridad detecta este tipo de comportamientos en el contribuyente, puede ir al extremo en su contra y con justa raz\u00f3n, por el momento dejo a la imaginaci\u00f3n del lector, hasta d\u00f3nde podr\u00ed\u00adan llegar las repercusiones por este tipo de ilegalidades.<\/div>\n<div><\/div>\n<div><\/div>\n<div>Si como contador o contribuyente, se\u00f1alaste un domicilio que va en contra de las disposiciones fiscales, es mejor que corrijas esta situaci\u00f3n, te evitar\u00e1s problemas posteriores, de esta forma, cuando se presente una autoridad lo har\u00e1 en el lugar correcto, recordemos que no estamos exentos y en alg\u00fan momento \u00e9sta nos tocar\u00e1 a la puerta.<\/div>\n<div><\/div>\n<div><\/div>\n<div><img data-recalc-dims=\"1\" loading=\"lazy\" decoding=\"async\" class=\"alignleft size-full wp-image-6400\" src=\"https:\/\/i0.wp.com\/barradecomercio.org\/wp-content\/uploads\/2015\/06\/LOGO-BNCEs.jpg?resize=220%2C68&#038;ssl=1\" alt=\"Barradecomercio LOGO\" width=\"220\" height=\"68\" \/><\/div>\n<div><\/div>\n<div><\/div>\n<div><\/div>\n<div><\/div>\n<h3>www.barradecomercio.org<\/h3>\n<div><\/div>\n<div><\/div>\n","protected":false},"excerpt":{"rendered":"<p>En ocasiones nos hemos preguntado: cu\u00e1l es el domicilio correcto que debo de informar a la autoridad fiscal para el momento que \u00e9sta tenga que apersonarse. A este tema probablemente no se le da la importancia que se merece, incluso por desconocimiento de las disposiciones fiscales, algunos se\u00f1alan domicilios incorrectos. El domicilio fiscal es aquel&hellip; <br \/> <a class=\"read-more\" href=\"https:\/\/barradecomercio.org\/?p=7961\">Seguir leyendo&#8230;<\/a><\/p>\n","protected":false},"author":2,"featured_media":7962,"comment_status":"open","ping_status":"open","sticky":false,"template":"","format":"standard","meta":{"jetpack_post_was_ever_published":false,"_jetpack_newsletter_access":"","_jetpack_dont_email_post_to_subs":false,"_jetpack_newsletter_tier_id":0,"_jetpack_memberships_contains_paywalled_content":false,"_jetpack_memberships_contains_paid_content":false,"footnotes":""},"categories":[319],"tags":[229,813,1551,905,1185,1560,19],"table_tags":[],"class_list":["post-7961","post","type-post","status-publish","format-standard","has-post-thumbnail","hentry","category-juridico","tag-contable","tag-declaracion","tag-domicilio","tag-fiscal","tag-obligaciones","tag-rfc","tag-sat"],"jetpack_featured_media_url":"https:\/\/i0.wp.com\/barradecomercio.org\/wp-content\/uploads\/2017\/10\/M_domicilio_fiscal.jpg?fit=460%2C260&ssl=1","jetpack-related-posts":[],"jetpack_sharing_enabled":true,"_links":{"self":[{"href":"https:\/\/barradecomercio.org\/index.php?rest_route=\/wp\/v2\/posts\/7961","targetHints":{"allow":["GET"]}}],"collection":[{"href":"https:\/\/barradecomercio.org\/index.php?rest_route=\/wp\/v2\/posts"}],"about":[{"href":"https:\/\/barradecomercio.org\/index.php?rest_route=\/wp\/v2\/types\/post"}],"author":[{"embeddable":true,"href":"https:\/\/barradecomercio.org\/index.php?rest_route=\/wp\/v2\/users\/2"}],"replies":[{"embeddable":true,"href":"https:\/\/barradecomercio.org\/index.php?rest_route=%2Fwp%2Fv2%2Fcomments&post=7961"}],"version-history":[{"count":3,"href":"https:\/\/barradecomercio.org\/index.php?rest_route=\/wp\/v2\/posts\/7961\/revisions"}],"predecessor-version":[{"id":7965,"href":"https:\/\/barradecomercio.org\/index.php?rest_route=\/wp\/v2\/posts\/7961\/revisions\/7965"}],"wp:featuredmedia":[{"embeddable":true,"href":"https:\/\/barradecomercio.org\/index.php?rest_route=\/wp\/v2\/media\/7962"}],"wp:attachment":[{"href":"https:\/\/barradecomercio.org\/index.php?rest_route=%2Fwp%2Fv2%2Fmedia&parent=7961"}],"wp:term":[{"taxonomy":"category","embeddable":true,"href":"https:\/\/barradecomercio.org\/index.php?rest_route=%2Fwp%2Fv2%2Fcategories&post=7961"},{"taxonomy":"post_tag","embeddable":true,"href":"https:\/\/barradecomercio.org\/index.php?rest_route=%2Fwp%2Fv2%2Ftags&post=7961"},{"taxonomy":"table_tags","embeddable":true,"href":"https:\/\/barradecomercio.org\/index.php?rest_route=%2Fwp%2Fv2%2Ftable_tags&post=7961"}],"curies":[{"name":"wp","href":"https:\/\/api.w.org\/{rel}","templated":true}]}}