{"id":7365,"date":"2016-12-20T02:48:57","date_gmt":"2016-12-20T08:48:57","guid":{"rendered":"https:\/\/barradecomercio.org\/?p=7365"},"modified":"2016-12-20T02:48:57","modified_gmt":"2016-12-20T08:48:57","slug":"cofoce-restringe-operacion-monopolica-de-sanofi-y-boehringer-ingelheim","status":"publish","type":"post","link":"https:\/\/barradecomercio.org\/?p=7365","title":{"rendered":"Cofoce restringe operaci\u00f3n monop\u00f3lica de Sanofi y Boehringer Ingelheim"},"content":{"rendered":"<div>\n<div id=\"attachment_7366\" style=\"width: 310px\" class=\"wp-caption alignleft\"><img data-recalc-dims=\"1\" loading=\"lazy\" decoding=\"async\" aria-describedby=\"caption-attachment-7366\" class=\"size-medium wp-image-7366\" src=\"https:\/\/i0.wp.com\/barradecomercio.org\/wp-content\/uploads\/2016\/12\/M_sanofi.jpg?resize=300%2C170&#038;ssl=1\" alt=\"Cofoce restringe operaci\u00f3n de Sanofi y Boehringer Ingelheim\" width=\"300\" height=\"170\" srcset=\"https:\/\/i0.wp.com\/barradecomercio.org\/wp-content\/uploads\/2016\/12\/M_sanofi.jpg?resize=300%2C170&amp;ssl=1 300w, https:\/\/i0.wp.com\/barradecomercio.org\/wp-content\/uploads\/2016\/12\/M_sanofi.jpg?resize=220%2C126&amp;ssl=1 220w, https:\/\/i0.wp.com\/barradecomercio.org\/wp-content\/uploads\/2016\/12\/M_sanofi.jpg?w=460&amp;ssl=1 460w\" sizes=\"auto, (max-width: 300px) 100vw, 300px\" \/><p id=\"caption-attachment-7366\" class=\"wp-caption-text\">Cofoce restringe operaci\u00f3n de Sanofi y Boehringer Ingelheim<\/p><\/div>\n<p class=\"mceTemp\">La venta de la divisi\u00f3n de salud humana de la farmac\u00e9utica a su principal competidora, Sanofi, pondr\u00ed\u00ada en riesgo la competencia en el mercado de medicamentos para la tos con flemas en M\u00e9xico, estim\u00f3 este lunes la Comisi\u00f3n Federal de Competencia Econ\u00f3mica (Cofece).<\/p>\n<p>&nbsp;<\/p>\n<\/div>\n<p>Por este motivo, el regulador decidi\u00f3 que para concretar la operaci\u00f3n, Sanofi no podr\u00e1 adquirir los medicamentos Bisolv\u00f3n, Mucosolvan y Sekretovit en M\u00e9xico, de acuerdo con un comunicado emitido este lunes.<\/p>\n<p>&nbsp;<\/p>\n<p>Dentro de los motivos fijados por el regulador destacan que Sanofi perder\u00ed\u00ada presi\u00f3n competitiva\u00e2\u20ac\u201dlo que podr\u00ed\u00ada poner en riesgo el precio de estos medicamentos\u00e2\u20ac\u201d y aumentar\u00ed\u00ada la brecha que mantiene con la competencia.<\/p>\n<p>El movimiento entre las farmac\u00e9uticas, dado a conocer en diciembre de 2015, constituye un intercambio de activos valuado en 20,000 millones de d\u00f3lares, donde Boehringer se quedar\u00ed\u00ada con el negocio de salud integral animal de Sanofi, valuado en 11,400 millones de euros (mde) y Sanofi con la divisi\u00f3n de cuidados a la salud de la empresa alemana, valorada en 6,700 mde.<\/p>\n<p>Seg\u00fan el acuerdo, Boehringer tambi\u00e9n pagar\u00ed\u00ada 4,700 mde en efectivo a la farmac\u00e9utica francesa, quien quedar\u00ed\u00ada en el primer lugar del mercado de la salud.<\/p>\n<p>&nbsp;<\/p>\n<p><a href=\"https:\/\/barradecomercio.org\"><img data-recalc-dims=\"1\" loading=\"lazy\" decoding=\"async\" class=\"alignnone size-full wp-image-6400\" src=\"https:\/\/i0.wp.com\/barradecomercio.org\/wp-content\/uploads\/2015\/06\/LOGO-BNCEs.jpg?resize=220%2C68&#038;ssl=1\" alt=\"Barradecomercio LOGO\" width=\"220\" height=\"68\" \/><\/a><\/p>\n<p>&nbsp;<\/p>\n<p>www.barradecomercio.org.mx<\/p>\n<p>&nbsp;<\/p>\n<p>&nbsp;<\/p>\n<p>&nbsp;<\/p>\n<div><\/div>\n","protected":false},"excerpt":{"rendered":"<p>La venta de la divisi\u00f3n de salud humana de la farmac\u00e9utica a su principal competidora, Sanofi, pondr\u00ed\u00ada en riesgo la competencia en el mercado de medicamentos para la tos con flemas en M\u00e9xico, estim\u00f3 este lunes la Comisi\u00f3n Federal de Competencia Econ\u00f3mica (Cofece). &nbsp; Por este motivo, el regulador decidi\u00f3 que para concretar la operaci\u00f3n,&hellip; <br \/> <a class=\"read-more\" href=\"https:\/\/barradecomercio.org\/?p=7365\">Seguir leyendo&#8230;<\/a><\/p>\n","protected":false},"author":2,"featured_media":7366,"comment_status":"open","ping_status":"open","sticky":false,"template":"","format":"standard","meta":{"jetpack_post_was_ever_published":false,"_jetpack_newsletter_access":"","_jetpack_dont_email_post_to_subs":false,"_jetpack_newsletter_tier_id":0,"_jetpack_memberships_contains_paywalled_content":false,"_jetpack_memberships_contains_paid_content":false,"footnotes":""},"categories":[287],"tags":[1483,1485,1296,1484,1481,1479,107,1482],"table_tags":[],"class_list":["post-7365","post","type-post","status-publish","format-standard","has-post-thumbnail","hentry","category-industria-2","tag-boehringer-ingelheim","tag-cofoce","tag-competencia","tag-economica","tag-farmaceuticas","tag-fuente-cnnexpansion-com","tag-monopolio","tag-sanofi"],"jetpack_featured_media_url":"https:\/\/i0.wp.com\/barradecomercio.org\/wp-content\/uploads\/2016\/12\/M_sanofi.jpg?fit=460%2C260&ssl=1","jetpack-related-posts":[],"jetpack_sharing_enabled":true,"_links":{"self":[{"href":"https:\/\/barradecomercio.org\/index.php?rest_route=\/wp\/v2\/posts\/7365","targetHints":{"allow":["GET"]}}],"collection":[{"href":"https:\/\/barradecomercio.org\/index.php?rest_route=\/wp\/v2\/posts"}],"about":[{"href":"https:\/\/barradecomercio.org\/index.php?rest_route=\/wp\/v2\/types\/post"}],"author":[{"embeddable":true,"href":"https:\/\/barradecomercio.org\/index.php?rest_route=\/wp\/v2\/users\/2"}],"replies":[{"embeddable":true,"href":"https:\/\/barradecomercio.org\/index.php?rest_route=%2Fwp%2Fv2%2Fcomments&post=7365"}],"version-history":[{"count":3,"href":"https:\/\/barradecomercio.org\/index.php?rest_route=\/wp\/v2\/posts\/7365\/revisions"}],"predecessor-version":[{"id":7369,"href":"https:\/\/barradecomercio.org\/index.php?rest_route=\/wp\/v2\/posts\/7365\/revisions\/7369"}],"wp:featuredmedia":[{"embeddable":true,"href":"https:\/\/barradecomercio.org\/index.php?rest_route=\/wp\/v2\/media\/7366"}],"wp:attachment":[{"href":"https:\/\/barradecomercio.org\/index.php?rest_route=%2Fwp%2Fv2%2Fmedia&parent=7365"}],"wp:term":[{"taxonomy":"category","embeddable":true,"href":"https:\/\/barradecomercio.org\/index.php?rest_route=%2Fwp%2Fv2%2Fcategories&post=7365"},{"taxonomy":"post_tag","embeddable":true,"href":"https:\/\/barradecomercio.org\/index.php?rest_route=%2Fwp%2Fv2%2Ftags&post=7365"},{"taxonomy":"table_tags","embeddable":true,"href":"https:\/\/barradecomercio.org\/index.php?rest_route=%2Fwp%2Fv2%2Ftable_tags&post=7365"}],"curies":[{"name":"wp","href":"https:\/\/api.w.org\/{rel}","templated":true}]}}