{"id":6658,"date":"2015-08-20T00:49:41","date_gmt":"2015-08-20T06:49:41","guid":{"rendered":"https:\/\/barradecomercio.org\/?p=6658"},"modified":"2015-08-20T00:49:41","modified_gmt":"2015-08-20T06:49:41","slug":"3-momentos-clave-para-el-futuro-del-comercio-internacional","status":"publish","type":"post","link":"https:\/\/barradecomercio.org\/?p=6658","title":{"rendered":"3 momentos clave para el futuro del comercio internacional"},"content":{"rendered":"<p><img data-recalc-dims=\"1\" loading=\"lazy\" decoding=\"async\" class=\"size-medium wp-image-6659\" src=\"https:\/\/i0.wp.com\/barradecomercio.org\/wp-content\/uploads\/2015\/08\/M_3_momentos_clave_CI.jpg?resize=300%2C170&#038;ssl=1\" alt=\" 3 momentos clave para el futuro del comercio internacional\" width=\"300\" height=\"170\" srcset=\"https:\/\/i0.wp.com\/barradecomercio.org\/wp-content\/uploads\/2015\/08\/M_3_momentos_clave_CI.jpg?resize=300%2C170&amp;ssl=1 300w, https:\/\/i0.wp.com\/barradecomercio.org\/wp-content\/uploads\/2015\/08\/M_3_momentos_clave_CI.jpg?resize=220%2C126&amp;ssl=1 220w, https:\/\/i0.wp.com\/barradecomercio.org\/wp-content\/uploads\/2015\/08\/M_3_momentos_clave_CI.jpg?w=460&amp;ssl=1 460w\" sizes=\"auto, (max-width: 300px) 100vw, 300px\" \/><\/p>\n<p>M\u00e9xico se encuentra ante tres negociaciones que pueden cambiar el panorama en comercio internacional, la manera de abordar estos tres cambios puede representar un motor adicional para el desempe\u00f1o econ\u00f3mico y la expansi\u00f3n a nuevos mercados.<\/p>\n<p>Desde la firma del Tratado del Libre Comercio de Am\u00e9rica del Norte (NAFTA), M\u00e9xico se ha convertido en un pa\u00ed\u00ads con una pol\u00ed\u00adtica comercial abierta y en un socio potencial para otras regiones y pa\u00ed\u00adses en el mundo.<\/p>\n<p>Pero ese no ha sido el \u00fanico acuerdo relevante, el 1 de julio se cumplieron 15 a\u00f1os de la entrada en vigor del Tratado de Libre Comercio entre M\u00e9xico y la Uni\u00f3n Europea (TLCUEM), que tiene tres ejes principales: la cooperaci\u00f3n econ\u00f3mica, t\u00e9cnica, cient\u00ed\u00adfica y cultural; el di\u00e1logo pol\u00ed\u00adtico; y la liberalizaci\u00f3n bilateral econ\u00f3mica progresiva y rec\u00ed\u00adproca.<\/p>\n<p>El proceso de negociaci\u00f3n comenz\u00f3 con la Declaraci\u00f3n Conjunta Solemne de 1995 (de Par\u00ed\u00ads) y finaliz\u00f3 el 23 de marzo del 2000 con la declaraci\u00f3n de Lisboa.<\/p>\n<p>De la misma manera, M\u00e9xico y Am\u00e9rica Latina han puesto sobre la mesa el tratado Mercosur, y, m\u00e1s recientemente, el mundo ha volcado la atenci\u00f3n a la negociaci\u00f3n del acuerdo Transpac\u00ed\u00adfico de Cooperaci\u00f3n Econ\u00f3mica (TPP, por sus siglas en ingl\u00e9s), que involucra a Jap\u00f3n, Australia, Nueva Zelanda, Malasia, Brunei, Singapur, Vietnam, Canad\u00e1, y los latinoamericanos M\u00e9xico, Per\u00fa y Chile.<\/p>\n<p>El panorama en materia comercial se mantiene din\u00e1mico, para M\u00e9xico, habr\u00e1 tres momentos que definir\u00e1n nuevas dimensiones en la apertura internacional, aqu\u00ed\u00ad algunas de las claves:<\/p>\n<ol>\n<li><strong>Negociaciones entre Estados Unidos y Europa<\/strong>: M\u00e9xico fue el primer pa\u00ed\u00ads en la esfera geopol\u00ed\u00adtica en negociar un acuerdo comercial con la Uni\u00f3n Europea como regi\u00f3n. Desde hace algunos a\u00f1os, Estados Unidos negocia un acuerdo de apertura con Europa, sin embargo, los mayores retos residen en la el dise\u00f1o de normas, reglas y estatutos comunes. Las denominaciones geogr\u00e1ficas y de propiedad intelectual implican un reto may\u00fasculo. Para M\u00e9xico, esta negociaci\u00f3n cobra relevancia porque si Estados Unidos y Europa logran un acuerdo para el dise\u00f1o de normas, M\u00e9xico iniciar\u00e1 un proceso de adaptaci\u00f3n, lo cual implica una mayor oportunidad de proveer productos tanto a Estados Unidos como a Europa, explica Jaime Zabludovsky, presidente del Consejo Mexicano de Asuntos Internacionales (COMEXI).<\/li>\n<li><strong>Acuerdo TPP<\/strong>: M\u00e9xico tiene una pol\u00ed\u00adtica ambiciosa de negociaci\u00f3n y apertura. En la medida que el TPP sea exitoso, el pa\u00ed\u00ads tendr\u00e1 una mayor ventaja para negociar con otras regiones y otros socios comerciales de los miembros. M\u00e9xico ha ido abriendo una brecha s\u00f3lida para la aprobaci\u00f3n de otros tratados, lograr la integraci\u00f3n con los pa\u00ed\u00adses contemplados dentro del TPP, eventualmente permitir\u00e1 negociar otros acuerdos con ventajas en materia de integraci\u00f3n, afirma Herminio Blanco, presidente ejecutivo y fundador de IQOM.<\/li>\n<li><strong>Profundizaci\u00f3n del acuerdo comercial con la Uni\u00f3n Europea:<\/strong> Hoy, la Uni\u00f3n Europea es el tercer socio comercial de M\u00e9xico y es la segunda fuente m\u00e1s importante de Inversi\u00f3n Extranjera Directa (IED), pues es origen de 39% del total de la IED desde 2000. Sin embargo, de acuerdo con un estudio de BBVA Research, desde 2002 la UE ha mantenido una ventaja comparativa revelada en la producci\u00f3n de comestibles, qu\u00ed\u00admicos y afines, pieles y cueros, piedra y vidrio, maquinarias y el\u00e9ctricos, y equipo de transporte. Por su parte, M\u00e9xico ha conservado su ventaja comparativa revelada para dicho lapso en \u00fanicamente dos de los grupos analizados: maquinarias y el\u00e9ctricos, y equipo de transporte. M\u00e9xico tiene oportunidad de ampliar las cuotas para exportaci\u00f3n de agropecuarios y abrir la puerta a la importaci\u00f3n y exportaci\u00f3n de servicios, sobre todo en telecomunicaciones y energ\u00ed\u00ada, afirma Zabludovsky.<\/li>\n<\/ol>\n<p>Para debatir los temas relacionados con una mayor apertura comercial con Europa, el Consejo Mexicano de Asuntos Internacionales (Comexi), asociaci\u00f3n civil y <em>think tank<\/em> enfocado al estudio de asuntos internacionales, llevar\u00e1 a cabo el jueves 10 de septiembre en la Ciudad de M\u00e9xico, el foro denominado 15 A\u00f1os del TLC entre M\u00e9xico y la Uni\u00f3n Europea.<\/p>\n<p>El evento cobra relevancia ante el panorama internacional, pues tan s\u00f3lo en 2014, el comercio total entre M\u00e9xico y la UE fue de 65,000 millones de d\u00f3lares, con un super\u00e1vit para la UE de 24,100 millones de d\u00f3lares, lo que representa un crecimiento de 3.2% con respecto a 2013.<\/p>\n<p>Asimismo, las exportaciones de M\u00e9xico a la UE han crecido 272%, mientras que las de la UE a M\u00e9xico lo han hecho en 242% entre 1999 y 2014.<\/p>\n<p>En el foro participar\u00e1n las principales figuras mexicanas y europeas involucradas en el primer acuerdo trasatl\u00e1ntico de su tipo, los actores m\u00e1s relevantes de la escena actual y las voces autorizadas en la relaci\u00f3n M\u00e9xico-Europa.<\/p>\n<p>Adem\u00e1s, contar\u00e1 con la presencia de los actuales secretarios de Relaciones Exteriores, Jos\u00e9 Antonio Meade, y de Econom\u00ed\u00ada, Ildefonso Guajardo. Entre los participantes figuran tambi\u00e9n Rosario Green, ex Secretaria de Relaciones Exteriores; Herminio Blanco, ex Secretario de Econom\u00ed\u00ada; Pascal Lamy, ex Comisario de Comercio de la Comisi\u00f3n Europea; Anthony Gooch, representante de la OCDE y Madeleine Tuininga, Jefa de Unidad de Monitoreo e Implementaci\u00f3n de la Direcci\u00f3n General de Comercio de la Comisi\u00f3n Europea.<\/p>\n<p><img data-recalc-dims=\"1\" loading=\"lazy\" decoding=\"async\" class=\"alignnone size-full wp-image-6400\" src=\"https:\/\/i0.wp.com\/barradecomercio.org\/wp-content\/uploads\/2015\/06\/LOGO-BNCEs.jpg?resize=220%2C68&#038;ssl=1\" alt=\"LOGO BNCEs\" width=\"220\" height=\"68\" \/><\/p>\n<h3>www.barradecomercio.org.mx<\/h3>\n","protected":false},"excerpt":{"rendered":"<p>M\u00e9xico se encuentra ante tres negociaciones que pueden cambiar el panorama en comercio internacional, la manera de abordar estos tres cambios puede representar un motor adicional para el desempe\u00f1o econ\u00f3mico y la expansi\u00f3n a nuevos mercados. Desde la firma del Tratado del Libre Comercio de Am\u00e9rica del Norte (NAFTA), M\u00e9xico se ha convertido en un&hellip; <br \/> <a class=\"read-more\" href=\"https:\/\/barradecomercio.org\/?p=6658\">Seguir leyendo&#8230;<\/a><\/p>\n","protected":false},"author":2,"featured_media":6659,"comment_status":"open","ping_status":"open","sticky":false,"template":"","format":"standard","meta":{"jetpack_post_was_ever_published":false,"_jetpack_newsletter_access":"","_jetpack_dont_email_post_to_subs":false,"_jetpack_newsletter_tier_id":0,"_jetpack_memberships_contains_paywalled_content":false,"_jetpack_memberships_contains_paid_content":false,"footnotes":""},"categories":[895],"tags":[539,13,257,335,1414,541,538],"table_tags":[],"class_list":["post-6658","post","type-post","status-publish","format-standard","has-post-thumbnail","hentry","category-internacional-2","tag-ce","tag-comercio","tag-internacional","tag-tlcan","tag-tlcuem","tag-tpp","tag-ue"],"jetpack_featured_media_url":"https:\/\/i0.wp.com\/barradecomercio.org\/wp-content\/uploads\/2015\/08\/M_3_momentos_clave_CI.jpg?fit=460%2C260&ssl=1","jetpack-related-posts":[],"jetpack_sharing_enabled":true,"_links":{"self":[{"href":"https:\/\/barradecomercio.org\/index.php?rest_route=\/wp\/v2\/posts\/6658","targetHints":{"allow":["GET"]}}],"collection":[{"href":"https:\/\/barradecomercio.org\/index.php?rest_route=\/wp\/v2\/posts"}],"about":[{"href":"https:\/\/barradecomercio.org\/index.php?rest_route=\/wp\/v2\/types\/post"}],"author":[{"embeddable":true,"href":"https:\/\/barradecomercio.org\/index.php?rest_route=\/wp\/v2\/users\/2"}],"replies":[{"embeddable":true,"href":"https:\/\/barradecomercio.org\/index.php?rest_route=%2Fwp%2Fv2%2Fcomments&post=6658"}],"version-history":[{"count":1,"href":"https:\/\/barradecomercio.org\/index.php?rest_route=\/wp\/v2\/posts\/6658\/revisions"}],"predecessor-version":[{"id":6660,"href":"https:\/\/barradecomercio.org\/index.php?rest_route=\/wp\/v2\/posts\/6658\/revisions\/6660"}],"wp:featuredmedia":[{"embeddable":true,"href":"https:\/\/barradecomercio.org\/index.php?rest_route=\/wp\/v2\/media\/6659"}],"wp:attachment":[{"href":"https:\/\/barradecomercio.org\/index.php?rest_route=%2Fwp%2Fv2%2Fmedia&parent=6658"}],"wp:term":[{"taxonomy":"category","embeddable":true,"href":"https:\/\/barradecomercio.org\/index.php?rest_route=%2Fwp%2Fv2%2Fcategories&post=6658"},{"taxonomy":"post_tag","embeddable":true,"href":"https:\/\/barradecomercio.org\/index.php?rest_route=%2Fwp%2Fv2%2Ftags&post=6658"},{"taxonomy":"table_tags","embeddable":true,"href":"https:\/\/barradecomercio.org\/index.php?rest_route=%2Fwp%2Fv2%2Ftable_tags&post=6658"}],"curies":[{"name":"wp","href":"https:\/\/api.w.org\/{rel}","templated":true}]}}