{"id":634,"date":"2014-01-13T11:48:00","date_gmt":"2014-01-13T17:48:00","guid":{"rendered":"https:\/\/barradecomercio.org\/?p=634"},"modified":"2014-01-29T12:35:44","modified_gmt":"2014-01-29T18:35:44","slug":"fondo-pyme-apoya-15-proyectos-queretanos","status":"publish","type":"post","link":"https:\/\/barradecomercio.org\/?p=634","title":{"rendered":"Fondo Pyme apoya 15 proyectos queretanos."},"content":{"rendered":"<div><a href=\"https:\/\/i0.wp.com\/barradecomercio.org\/wp-content\/uploads\/2014\/01\/fonfo_pyme1.jpg?ssl=1\"><img data-recalc-dims=\"1\" loading=\"lazy\" decoding=\"async\" class=\"size-full wp-image-783 alignleft\" alt=\"fonfo_pyme\" src=\"https:\/\/i0.wp.com\/barradecomercio.org\/wp-content\/uploads\/2014\/01\/fonfo_pyme1.jpg?resize=290%2C225&#038;ssl=1\" width=\"290\" height=\"225\" \/><\/a><\/div>\n<div><\/div>\n<div>Destin\u00f3 un monto superior a los 166 mdp para su desarrollo: Sedesu<\/div>\n<div><\/div>\n<div>Quer\u00e9taro, Qro.- A trav\u00e9s del \u00a0Fondo Pyme \u00a0se apoy\u00f3 a 15 proyectos en la entidad con un monto superior a los 166 millones de pesos, con aportaciones de los gobiernos federal y estatal, inform\u00f3 el subsecretario de Desarrollo Econ\u00f3mico de la Secretar\u00ed\u00ada de Desarrollo Sustentable (Sedesu), Juan Carlos Ituarte Zarza.<\/div>\n<div>Se trata -explic\u00f3- de \u00a0seis proyectos aprobados, cuatro proyectos estrat\u00e9gicos y cinco m\u00e1s, que se encuentran en evaluaci\u00f3n.<\/div>\n<div>Del monto total del \u00a0Fondo Pyme \u00a0para el 2013, detall\u00f3, \u00a026 millones 645,834 pesos fueron aportados por el gobierno del estado \u00a0y 92 millones 346,056 pesos del gobierno federal.<\/div>\n<div>Entre los aprobados, destac\u00f3 el de \u00a0competitividad regional, un programa para el fortalecimiento del sector automotriz, a trav\u00e9s del desarrollo de la cadena de proveedur\u00ed\u00ada y el capital humano. Para \u00e9ste, el gobierno estatal aport\u00f3 437,804 pesos, mientras que el gobierno federal, a trav\u00e9s de la Secretar\u00ed\u00ada de Econom\u00ed\u00ada (SE), aport\u00f3 972,620, para un total de 1 mill\u00f3n 410,424 pesos.<\/div>\n<div>Tambi\u00e9n, el \u00a0proyecto de Creaci\u00f3n y fortalecimiento de redes estatales, para \u00e9ste se aport\u00f3 un \u00a0total de 2 millones 338,494 pesos; 1 mill\u00f3n 513,100 pesos de la \u00a0SE \u00a0y 825,394 del gobierno estatal, entre los m\u00e1s importantes.<\/div>\n<div>Los \u00a0recursos que se bajaron para su aplicaci\u00f3n este a\u00f1o son principalmente para proyectos productivos, entre ellos el V\u00f3rtice Itech Park; el centro de Innovaci\u00f3n e Investigaci\u00f3n de Sistemas para la Edificaci\u00f3n y Energ\u00ed\u00adas Renovables, entre otros.<\/div>\n<div><\/div>\n<div>Fuente: El Economista.<\/div>\n<div><\/div>\n<div><\/div>\n<div><\/div>\n<div><\/div>\n<div><strong><\/strong><\/p>\n<div>Barra Nacional de Comercio Exterior<\/div>\n<div>\n<div><\/div>\n<div>\n<div>noticomext@barradecomercio.org<\/div>\n<div><a href=\"https:\/\/barradecomercio.org\/\" target=\"_blank\">www.barradecomercio.org<\/a><\/div>\n<\/div>\n<\/div>\n<\/div>\n","protected":false},"excerpt":{"rendered":"<p>Destin\u00f3 un monto superior a los 166 mdp para su desarrollo: Sedesu Quer\u00e9taro, Qro.- A trav\u00e9s del \u00a0Fondo Pyme \u00a0se apoy\u00f3 a 15 proyectos en la entidad con un monto superior a los 166 millones de pesos, con aportaciones de los gobiernos federal y estatal, inform\u00f3 el subsecretario de Desarrollo Econ\u00f3mico de la Secretar\u00ed\u00ada de&hellip; <br \/> <a class=\"read-more\" href=\"https:\/\/barradecomercio.org\/?p=634\">Seguir leyendo&#8230;<\/a><\/p>\n","protected":false},"author":2,"featured_media":745,"comment_status":"open","ping_status":"open","sticky":false,"template":"","format":"standard","meta":{"jetpack_post_was_ever_published":false,"_jetpack_newsletter_access":"","_jetpack_dont_email_post_to_subs":false,"_jetpack_newsletter_tier_id":0,"_jetpack_memberships_contains_paywalled_content":false,"_jetpack_memberships_contains_paid_content":false,"footnotes":""},"categories":[3],"tags":[83,82,81,80],"table_tags":[],"class_list":["post-634","post","type-post","status-publish","format-standard","has-post-thumbnail","hentry","category-noticomext","tag-inversion","tag-proyectos","tag-pyme","tag-queretaro"],"jetpack_featured_media_url":"https:\/\/i0.wp.com\/barradecomercio.org\/wp-content\/uploads\/2014\/01\/fonfo_pyme.jpg?fit=290%2C225&ssl=1","jetpack-related-posts":[],"jetpack_sharing_enabled":true,"_links":{"self":[{"href":"https:\/\/barradecomercio.org\/index.php?rest_route=\/wp\/v2\/posts\/634","targetHints":{"allow":["GET"]}}],"collection":[{"href":"https:\/\/barradecomercio.org\/index.php?rest_route=\/wp\/v2\/posts"}],"about":[{"href":"https:\/\/barradecomercio.org\/index.php?rest_route=\/wp\/v2\/types\/post"}],"author":[{"embeddable":true,"href":"https:\/\/barradecomercio.org\/index.php?rest_route=\/wp\/v2\/users\/2"}],"replies":[{"embeddable":true,"href":"https:\/\/barradecomercio.org\/index.php?rest_route=%2Fwp%2Fv2%2Fcomments&post=634"}],"version-history":[{"count":5,"href":"https:\/\/barradecomercio.org\/index.php?rest_route=\/wp\/v2\/posts\/634\/revisions"}],"predecessor-version":[{"id":2089,"href":"https:\/\/barradecomercio.org\/index.php?rest_route=\/wp\/v2\/posts\/634\/revisions\/2089"}],"wp:featuredmedia":[{"embeddable":true,"href":"https:\/\/barradecomercio.org\/index.php?rest_route=\/wp\/v2\/media\/745"}],"wp:attachment":[{"href":"https:\/\/barradecomercio.org\/index.php?rest_route=%2Fwp%2Fv2%2Fmedia&parent=634"}],"wp:term":[{"taxonomy":"category","embeddable":true,"href":"https:\/\/barradecomercio.org\/index.php?rest_route=%2Fwp%2Fv2%2Fcategories&post=634"},{"taxonomy":"post_tag","embeddable":true,"href":"https:\/\/barradecomercio.org\/index.php?rest_route=%2Fwp%2Fv2%2Ftags&post=634"},{"taxonomy":"table_tags","embeddable":true,"href":"https:\/\/barradecomercio.org\/index.php?rest_route=%2Fwp%2Fv2%2Ftable_tags&post=634"}],"curies":[{"name":"wp","href":"https:\/\/api.w.org\/{rel}","templated":true}]}}