{"id":2896,"date":"2014-03-05T17:26:23","date_gmt":"2014-03-05T23:26:23","guid":{"rendered":"https:\/\/barradecomercio.org\/?p=2896"},"modified":"2014-03-05T17:26:23","modified_gmt":"2014-03-05T23:26:23","slug":"la-industria-aeroespacial-impulsa-el-desarrollo-en-mexico-y-la-inversion-extranjera","status":"publish","type":"post","link":"https:\/\/barradecomercio.org\/?p=2896","title":{"rendered":"La industria aeroespacial impulsa el desarrollo en M\u00e9xico y la inversi\u00f3n extranjera"},"content":{"rendered":"<div id=\"attachment_2899\" style=\"width: 310px\" class=\"wp-caption alignleft\"><a href=\"https:\/\/i0.wp.com\/barradecomercio.org\/wp-content\/uploads\/2014\/03\/M_noticias_IAE_impulsa_desarrollo.jpg?ssl=1\"><img data-recalc-dims=\"1\" loading=\"lazy\" decoding=\"async\" aria-describedby=\"caption-attachment-2899\" class=\"size-medium wp-image-2899\" alt=\"La industria aeroespacial impulsa el desarrollo en M\u00e9xico y la inversi\u00f3n extranjera\" src=\"https:\/\/i0.wp.com\/barradecomercio.org\/wp-content\/uploads\/2014\/03\/M_noticias_IAE_impulsa_desarrollo.jpg?resize=300%2C169&#038;ssl=1\" width=\"300\" height=\"169\" srcset=\"https:\/\/i0.wp.com\/barradecomercio.org\/wp-content\/uploads\/2014\/03\/M_noticias_IAE_impulsa_desarrollo.jpg?resize=300%2C169&amp;ssl=1 300w, https:\/\/i0.wp.com\/barradecomercio.org\/wp-content\/uploads\/2014\/03\/M_noticias_IAE_impulsa_desarrollo.jpg?w=460&amp;ssl=1 460w\" sizes=\"auto, (max-width: 300px) 100vw, 300px\" \/><\/a><p id=\"caption-attachment-2899\" class=\"wp-caption-text\">La industria aeroespacial impulsa el desarrollo en M\u00e9xico y la inversi\u00f3n extranjera<\/p><\/div>\n<p style=\"text-align: justify;\">La Agencia Espacial Mexicana (AEM) generar\u00e1 desarrollo de investigaci\u00f3n, innovaci\u00f3n y nuevas inversiones en la industria aeroespacial que se asienta en M\u00e9xico.Este organismo, creado en 2010, tiene como objetivo incentivar las actividades cient\u00ed\u00adficas y desarrollo tecnol\u00f3gico en el \u00e1mbitos espacial articulado para programas de industrializaci\u00f3n y servicios de frontera, seg\u00fan la misi\u00f3n establecida en su creaci\u00f3n.<\/p>\n<p style=\"text-align: justify;\">&#8220;La Ley que crea la Agencia Espacial Mexicana define el preludio de una nueva etapa en el desarrollo espacial de M\u00e9xico&#8221;, dice la p\u00e1gina web de este organismo.<\/p>\n<p style=\"text-align: justify;\">\n&#8220;Posee el potencial y br\u00ed\u00ado necesarios para impulsar al Pa\u00ed\u00ads en el aprovechamiento de las experiencias globales, catalizar su acceso al espacio y articular los esfuerzos de diferentes actores; todo con el fin de dotar a M\u00e9xico con la habilidad de utilizar y aprovechar el espacio en favor del bien com\u00fan, mejorando sus aspectos de seguridad, autonom\u00ed\u00ada, integridad, sustentabilidad y soberan\u00ed\u00ada nacional&#8221;, se\u00f1ala.<\/p>\n<h2 style=\"text-align: justify;\">\n<span style=\"color: #008080;\">Las actividades de la instituci\u00f3n giran principalmente en tres rubros.<\/span><\/h2>\n<p style=\"text-align: justify;\">\nPara la agencia, la formaci\u00f3n de capital humano es una de las prioridades, que es un factor ligado a la necesidad de trascender de las actividades de manufactura hacia un entorno investigaci\u00f3n, dise\u00f1o y desarrollo tecnol\u00f3gico, as\u00ed\u00ad como la transmisi\u00f3n y generaci\u00f3n de conocimiento, y la difusi\u00f3n de una cultura del espacio para sensibilizar a la poblaci\u00f3n sobre los beneficios del uso de las tecnolog\u00ed\u00adas espaciales.<\/p>\n<p style=\"text-align: justify;\">\nOtra de las prioridades es el desarrollo de ciencia y tecnolog\u00ed\u00ada, con el fin de especializarse en \u00e1reas de investigaci\u00f3n astron\u00f3mica, astrof\u00ed\u00adsica y planetaria; ciencias m\u00e9dicas espaciales y telesalud; comunicaciones espaciales, observaci\u00f3n del territorio y geograf\u00ed\u00ada, as\u00ed\u00ad como veh\u00ed\u00adculos espaciales.<\/p>\n<p style=\"text-align: justify;\">\nEn t\u00e9rminos de desarollo industrial aeroespacial, la AEM pretende coadyuvar mediante la identificaci\u00f3n de manera prospectiva las oportunidades del sector para impulsar nichos de desarrollo.<\/p>\n<p style=\"text-align: justify;\">\nAsimismo impulsar centros de transferencia tecnol\u00f3gica en materia espacial; desarrollar nuevas cadenas de suministros; y coordinar instrumentos de gesti\u00f3n y seguimiento para implementarse en los programas de apoyo a la industria, emprendurismo, transferencia tecnol\u00f3gica y de desarrollo de cadenas productivas.<\/p>\n<p style=\"text-align: justify;\">\n&#8220;La AEM servir\u00e1 para generar un sentimiento nacional de competitividad, una imagen correcta y no inventada de que M\u00e9xico est\u00e1 a los niveles de desarrollo de otros pa\u00ed\u00adses, desarrollados y emergentes, que ya tienen sus agencias con experiencias exitosas&#8221;, explic\u00f3 Juan Carlos Rivera L\u00f3pez, director del Departamento de Administraci\u00f3n, Mercadotecnia y Negocios Internacionales del Tecnol\u00f3gico de Monterrey campus Santa Fe.<\/p>\n<blockquote>\n<h2 style=\"text-align: justify;\">\n<span style=\"color: #008080;\">Adem\u00e1s este tipo de instituciones facilita y permite avance en la investigaci\u00f3n nacional y mejora las prospectivas de inversi\u00f3n, tanto del sector p\u00fablico como privado, para desarrollo de tecnolog\u00ed\u00ada, propiedad intelectual, capacidad t\u00e9cnica y desarrollo de proyectos de envergadura espacial&#8221;.<\/span><\/h2>\n<\/blockquote>\n<p style=\"text-align: justify;\">\nSeg\u00fan este experto, la experiencia muestra que en otros pa\u00ed\u00adses ha habido bastantes beneficios para la industria que est\u00e1 asentada localmente En el Pa\u00ed\u00ads, la industria aeroespacial est\u00e1 ganando notoriedad.<\/p>\n<p style=\"text-align: justify;\">\nEn 2013, las exportaciones de este tipo de productos sumaron 884 millones 89 mil d\u00f3lares, un incremento de 57 por ciento sobre el a\u00f1o anterior, de acuerdo con datos del Banco de M\u00e9xico.<\/p>\n<p style=\"text-align: justify;\">\nSi bien Estados Unidos es el principal destino a donde llegan estos productos, casi el 85 por ciento se env\u00ed\u00ada a ese pa\u00ed\u00ads y el resto a m\u00e1s de 30 naciones, seg\u00fan la Secretar\u00ed\u00ada de Econom\u00ed\u00ada.<\/p>\n<p style=\"text-align: justify;\">\nDatos de Prom\u00e9xico se\u00f1alan que la industria aeroespacial est\u00e1 asentada principalmente en Quer\u00e9taro, Chihuahua, Nuevo Le\u00f3n, Baja California, San Luis Potos\u00ed\u00ad y Sonora.<\/p>\n<p style=\"text-align: justify;\">\nCon 270 empresas de este tipo, algunas de las que tienen presencia en M\u00e9xico son Safran, GE, Embraer, Bombardier, Chrissair, Delphi, Hutchinson Seal, Orcon y Zodiac, por nombrar algunas.<\/p>\n<p style=\"text-align: justify;\">\nAqu\u00ed\u00ad se producen arneses, motores, turbinas, partes para alas, textiles para recubrimiento, paneles de control, fuselaje, trenes de aterrizaje y adem\u00e1s est\u00e1 el centro de Dise\u00f1o y Servicio para el sector que tiene GE en Quer\u00e9taro.<\/p>\n<p style=\"text-align: justify;\">\n&#8220;La AEM ser\u00e1 para la industria un lugar de experimentaci\u00f3n, para desarrollar nuevos adelantos, poder ver si los modelos de creaci\u00f3n y patrones de nuevas tecnolog\u00ed\u00adas son viables y probarlos, uno de los fines de la agencia es ser un laboratorio de instalaciones f\u00ed\u00adsicas que permita que los cient\u00ed\u00adficos, especialistas e industriales para que puedan avanzar m\u00e1s en su trabajo&#8221;, puntualiz\u00f3 Rivera.<\/p>\n<h2 style=\"text-align: justify;\"><span style=\"color: #008080;\">Volando<\/span><\/h2>\n<p style=\"text-align: justify;\">De los productos de la industria aeroespacial que M\u00e9xico exporta, 85 por ciento se dirige hacia Estados Unidos.<\/p>\n<p style=\"text-align: justify;\"><span style=\"font-family: Arial; font-size: large;\">EXPORTACIONES DE PRODUCTOS AEROESPACIALES POR DESTINO \u00a0<\/span><br \/>\n<span style=\"font-family: Arial; font-size: large;\">(Miles de d\u00f3lares, participaci\u00f3n %, acumulado enero-noviembre 2013)<\/span><\/p>\n<div align=\"center\">\n<table border=\"1\">\n<tbody>\n<tr valign=\"top\">\n<td valign=\"middle\" width=\"99\"><span style=\"font-family: Verdana; font-size: xx-small;\">ESTADOS UNIDOS<\/span><\/td>\n<td valign=\"middle\" width=\"46\"><span style=\"font-family: Verdana; font-size: xx-small;\">670,472<\/span><\/td>\n<td valign=\"middle\" width=\"45\"><span style=\"font-family: Verdana; font-size: xx-small;\">85.42%<\/span><\/td>\n<\/tr>\n<tr valign=\"top\">\n<td valign=\"middle\" width=\"99\"><span style=\"font-family: Verdana; font-size: xx-small;\">Reino Unido<\/span><\/td>\n<td valign=\"middle\" width=\"46\"><span style=\"font-family: Verdana; font-size: xx-small;\">34,892<\/span><\/td>\n<td valign=\"middle\" width=\"45\"><span style=\"font-family: Verdana; font-size: xx-small;\">4.45%<\/span><\/td>\n<\/tr>\n<tr valign=\"top\">\n<td valign=\"middle\" width=\"99\"><span style=\"font-family: Verdana; font-size: xx-small;\">EL Salvador<\/span><\/td>\n<td valign=\"middle\" width=\"46\"><span style=\"font-family: Verdana; font-size: xx-small;\">24,522<\/span><\/td>\n<td valign=\"middle\" width=\"45\"><span style=\"font-family: Verdana; font-size: xx-small;\">3.12%<\/span><\/td>\n<\/tr>\n<tr valign=\"top\">\n<td valign=\"middle\" width=\"99\"><span style=\"font-family: Verdana; font-size: xx-small;\">Canad\u00e1<\/span><\/td>\n<td valign=\"middle\" width=\"46\"><span style=\"font-family: Verdana; font-size: xx-small;\">17,750<\/span><\/td>\n<td valign=\"middle\" width=\"45\"><span style=\"font-family: Verdana; font-size: xx-small;\">2.26%<\/span><\/td>\n<\/tr>\n<tr valign=\"top\">\n<td valign=\"middle\" width=\"99\"><span style=\"font-family: Verdana; font-size: xx-small;\">Francia<\/span><\/td>\n<td valign=\"middle\" width=\"46\"><span style=\"font-family: Verdana; font-size: xx-small;\">10,750<\/span><\/td>\n<td valign=\"middle\" width=\"45\"><span style=\"font-family: Verdana; font-size: xx-small;\">1.37%<\/span><\/td>\n<\/tr>\n<tr valign=\"top\">\n<td valign=\"middle\" width=\"99\"><span style=\"font-family: Verdana; font-size: xx-small;\">Alemania<\/span><\/td>\n<td valign=\"middle\" width=\"46\"><span style=\"font-family: Verdana; font-size: xx-small;\">9,675<\/span><\/td>\n<td valign=\"middle\" width=\"45\"><span style=\"font-family: Verdana; font-size: xx-small;\">1.23%<\/span><\/td>\n<\/tr>\n<tr valign=\"top\">\n<td valign=\"middle\" width=\"99\"><span style=\"font-family: Verdana; font-size: xx-small;\">Brasil<\/span><\/td>\n<td valign=\"middle\" width=\"46\"><span style=\"font-family: Verdana; font-size: xx-small;\">9,371<\/span><\/td>\n<td valign=\"middle\" width=\"45\"><span style=\"font-family: Verdana; font-size: xx-small;\">1.19%<\/span><\/td>\n<\/tr>\n<tr valign=\"top\">\n<td valign=\"middle\" width=\"99\"><span style=\"font-family: Verdana; font-size: xx-small;\">Ecuador<\/span><\/td>\n<td valign=\"middle\" width=\"46\"><span style=\"font-family: Verdana; font-size: xx-small;\">1,586<\/span><\/td>\n<td valign=\"middle\" width=\"45\"><span style=\"font-family: Verdana; font-size: xx-small;\">0.20%<\/span><\/td>\n<\/tr>\n<tr valign=\"top\">\n<td valign=\"middle\" width=\"99\"><span style=\"font-family: Verdana; font-size: xx-small;\">Per\u00fa<\/span><\/td>\n<td valign=\"middle\" width=\"46\"><span style=\"font-family: Verdana; font-size: xx-small;\">1,142<\/span><\/td>\n<td valign=\"middle\" width=\"45\"><span style=\"font-family: Verdana; font-size: xx-small;\">0.15%<\/span><\/td>\n<\/tr>\n<\/tbody>\n<\/table>\n<\/div>\n<p><span style=\"font-family: Arial; font-size: large;\">Fuente: Secretar\u00ed\u00ada de Econom\u00ed\u00ada<\/span><\/p>\n<h2 style=\"text-align: justify;\">\n<span style=\"color: #008080;\">Al exterior<\/span><\/h2>\n<p style=\"text-align: justify;\">\nEn 2013, las ventas de productos del sector aeroespacial que hizo M\u00e9xico crecieron 57 por ciento respecto al a\u00f1o pasado.<\/p>\n<p><span style=\"font-family: Arial; font-size: large;\">EXPORTACIONES DE INDUSTRIA AEROESPACIAL, M\u00ed\u2030XICO<\/span><\/p>\n<p><span style=\"font-family: Arial; font-size: large;\">(Millones de d\u00f3lares, a\u00f1os enteros)<\/span><\/p>\n<div align=\"center\">\n<table border=\"1\">\n<tbody>\n<tr valign=\"top\">\n<td valign=\"middle\" width=\"18\"><span style=\"font-family: Verdana; font-size: xx-small;\">02<\/span><\/td>\n<td valign=\"middle\" width=\"24\"><span style=\"font-family: Verdana; font-size: xx-small;\">400<\/span><\/td>\n<\/tr>\n<tr valign=\"top\">\n<td valign=\"middle\" width=\"18\"><span style=\"font-family: Verdana; font-size: xx-small;\">04<\/span><\/td>\n<td valign=\"middle\" width=\"24\"><span style=\"font-family: Verdana; font-size: xx-small;\">146<\/span><\/td>\n<\/tr>\n<tr valign=\"top\">\n<td valign=\"middle\" width=\"18\"><span style=\"font-family: Verdana; font-size: xx-small;\">06<\/span><\/td>\n<td valign=\"middle\" width=\"24\"><span style=\"font-family: Verdana; font-size: xx-small;\">380<\/span><\/td>\n<\/tr>\n<tr valign=\"top\">\n<td valign=\"middle\" width=\"18\"><span style=\"font-family: Verdana; font-size: xx-small;\">08<\/span><\/td>\n<td valign=\"middle\" width=\"24\"><span style=\"font-family: Verdana; font-size: xx-small;\">719<\/span><\/td>\n<\/tr>\n<tr valign=\"top\">\n<td valign=\"middle\" width=\"18\"><span style=\"font-family: Verdana; font-size: xx-small;\">09<\/span><\/td>\n<td valign=\"middle\" width=\"24\"><span style=\"font-family: Verdana; font-size: xx-small;\">438<\/span><\/td>\n<\/tr>\n<tr valign=\"top\">\n<td valign=\"middle\" width=\"18\"><span style=\"font-family: Verdana; font-size: xx-small;\">12<\/span><\/td>\n<td valign=\"middle\" width=\"24\"><span style=\"font-family: Verdana; font-size: xx-small;\">564<\/span><\/td>\n<\/tr>\n<tr valign=\"top\">\n<td valign=\"middle\" width=\"18\"><span style=\"font-family: Verdana; font-size: xx-small;\">13<\/span><\/td>\n<td valign=\"middle\" width=\"24\"><span style=\"font-family: Verdana; font-size: xx-small;\">884<\/span><\/td>\n<\/tr>\n<\/tbody>\n<\/table>\n<p>&nbsp;<\/p>\n<p><a href=\"https:\/\/barradecomercio.org\"><img data-recalc-dims=\"1\" loading=\"lazy\" decoding=\"async\" class=\"size-full wp-image-2553 alignnone\" alt=\"BNCE logo 190x60\" src=\"https:\/\/i0.wp.com\/barradecomercio.org\/wp-content\/uploads\/2014\/02\/logobnce90x60.png?resize=190%2C59&#038;ssl=1\" width=\"190\" height=\"59\" \/><\/a><\/p>\n<p>&nbsp;<\/p>\n<p>www.barradecomercio.org.mx<\/p>\n<\/div>\n<p style=\"text-align: justify;\">\n","protected":false},"excerpt":{"rendered":"<p>La Agencia Espacial Mexicana (AEM) generar\u00e1 desarrollo de investigaci\u00f3n, innovaci\u00f3n y nuevas inversiones en la industria aeroespacial que se asienta en M\u00e9xico.Este organismo, creado en 2010, tiene como objetivo incentivar las actividades cient\u00ed\u00adficas y desarrollo tecnol\u00f3gico en el \u00e1mbitos espacial articulado para programas de industrializaci\u00f3n y servicios de frontera, seg\u00fan la misi\u00f3n establecida en su&hellip; <br \/> <a class=\"read-more\" href=\"https:\/\/barradecomercio.org\/?p=2896\">Seguir leyendo&#8230;<\/a><\/p>\n","protected":false},"author":2,"featured_media":2899,"comment_status":"open","ping_status":"open","sticky":false,"template":"","format":"standard","meta":{"jetpack_post_was_ever_published":false,"_jetpack_newsletter_access":"","_jetpack_dont_email_post_to_subs":false,"_jetpack_newsletter_tier_id":0,"_jetpack_memberships_contains_paywalled_content":false,"_jetpack_memberships_contains_paid_content":false,"footnotes":""},"categories":[287],"tags":[671,168,675,674,672,669,670,673,181,80,677,676,678],"table_tags":[],"class_list":["post-2896","post","type-post","status-publish","format-standard","has-post-thumbnail","hentry","category-industria-2","tag-aem","tag-aeroespacial","tag-baja-california","tag-bc","tag-chihuahua","tag-iae","tag-ied","tag-nl","tag-nuevo-leon","tag-queretaro","tag-san-luis-potosi","tag-slp","tag-sonora"],"jetpack_featured_media_url":"https:\/\/i0.wp.com\/barradecomercio.org\/wp-content\/uploads\/2014\/03\/M_noticias_IAE_impulsa_desarrollo.jpg?fit=460%2C260&ssl=1","jetpack-related-posts":[],"jetpack_sharing_enabled":true,"_links":{"self":[{"href":"https:\/\/barradecomercio.org\/index.php?rest_route=\/wp\/v2\/posts\/2896","targetHints":{"allow":["GET"]}}],"collection":[{"href":"https:\/\/barradecomercio.org\/index.php?rest_route=\/wp\/v2\/posts"}],"about":[{"href":"https:\/\/barradecomercio.org\/index.php?rest_route=\/wp\/v2\/types\/post"}],"author":[{"embeddable":true,"href":"https:\/\/barradecomercio.org\/index.php?rest_route=\/wp\/v2\/users\/2"}],"replies":[{"embeddable":true,"href":"https:\/\/barradecomercio.org\/index.php?rest_route=%2Fwp%2Fv2%2Fcomments&post=2896"}],"version-history":[{"count":1,"href":"https:\/\/barradecomercio.org\/index.php?rest_route=\/wp\/v2\/posts\/2896\/revisions"}],"predecessor-version":[{"id":2900,"href":"https:\/\/barradecomercio.org\/index.php?rest_route=\/wp\/v2\/posts\/2896\/revisions\/2900"}],"wp:featuredmedia":[{"embeddable":true,"href":"https:\/\/barradecomercio.org\/index.php?rest_route=\/wp\/v2\/media\/2899"}],"wp:attachment":[{"href":"https:\/\/barradecomercio.org\/index.php?rest_route=%2Fwp%2Fv2%2Fmedia&parent=2896"}],"wp:term":[{"taxonomy":"category","embeddable":true,"href":"https:\/\/barradecomercio.org\/index.php?rest_route=%2Fwp%2Fv2%2Fcategories&post=2896"},{"taxonomy":"post_tag","embeddable":true,"href":"https:\/\/barradecomercio.org\/index.php?rest_route=%2Fwp%2Fv2%2Ftags&post=2896"},{"taxonomy":"table_tags","embeddable":true,"href":"https:\/\/barradecomercio.org\/index.php?rest_route=%2Fwp%2Fv2%2Ftable_tags&post=2896"}],"curies":[{"name":"wp","href":"https:\/\/api.w.org\/{rel}","templated":true}]}}