{"id":13083,"date":"2026-04-28T18:09:50","date_gmt":"2026-04-29T00:09:50","guid":{"rendered":"https:\/\/barradecomercio.org\/?p=13083"},"modified":"2026-04-28T18:11:11","modified_gmt":"2026-04-29T00:11:11","slug":"segunda-version-anticipada-de-modificaciones-rgce-2026","status":"publish","type":"post","link":"https:\/\/barradecomercio.org\/?p=13083","title":{"rendered":"Segunda versi\u00f3n anticipada de Modificaciones RGCE 2026"},"content":{"rendered":"<div id=\"contenthost\" data-win-options=\"{home: '\/pages\/home\/home.html'}\" data-win-control=\"Application.PageControlNavigator\">\n<div class=\"win-disposable pagecontrol\">\n<div id=\"themeRoot\" class=\"default-theme\">\n<div id=\"mainContainer\" class=\"grid3x4\">\n<div id=\"editor\" class=\"editor-container\" data-win-control=\"UX.Control.Editor\">\n<div class=\"default-theme\" aria-label=\"themeRoot\">\n<div class=\"editor\" contenteditable=\"true\" spellcheck=\"true\"><img data-recalc-dims=\"1\" loading=\"lazy\" decoding=\"async\" class=\"alignleft size-full wp-image-13085\" src=\"https:\/\/i0.wp.com\/barradecomercio.org\/wp-content\/uploads\/2026\/04\/M_2026_RGCE_anticipada2.jpg?resize=460%2C260&#038;ssl=1\" alt=\"\" width=\"460\" height=\"260\" srcset=\"https:\/\/i0.wp.com\/barradecomercio.org\/wp-content\/uploads\/2026\/04\/M_2026_RGCE_anticipada2.jpg?w=460&amp;ssl=1 460w, https:\/\/i0.wp.com\/barradecomercio.org\/wp-content\/uploads\/2026\/04\/M_2026_RGCE_anticipada2.jpg?resize=300%2C170&amp;ssl=1 300w\" sizes=\"auto, (max-width: 460px) 100vw, 460px\" \/><\/p>\n<div>En el portal del SAT el 23 de abril de 2026 se public\u00f3 la\u00a0<strong>segunda versi\u00f3n anticipada de la primera resoluci\u00f3n de modificaciones a las reglas generales de comercio exterior para 2026<\/strong>\u00a0<strong>y anexos 5 y 29<\/strong>\u00a0donde se dan a conocer las siguientes modificaciones de inter\u00e9s:<\/div>\n<div><\/div>\n<p><a href=\"https:\/\/www.sat.gob.mx\/minisitio\/NormatividadRMFyRGCE\/documentos2026\/rgce\/anticipadas\/1aRMRGCE_2026Segundaanticipada.pdf\" target=\"_blank\" rel=\"noopener\">https:\/\/www.sat.gob.mx\/minisitio\/NormatividadRMFyRGCE\/documentos2026\/rgce\/anticipadas\/1aRMRGCE_2026Segundaanticipada.pdf<\/a><\/p>\n<ul>\n<li><strong>Regla 1.5.1 (Manifestaci\u00f3n de Valor):<\/strong>\u00a0 se mantiene la reforma a la fracci\u00f3n VII inciso d) y adicionan el inciso e), incluyendo excepciones sobre el pedimento global complementario y la entrega de informaci\u00f3n de c\u00e1lculo de valor a requerimiento de la autoridad.<\/li>\n<\/ul>\n<h3><\/h3>\n<ul>\n<li><strong>Regla 1.4.14 (Expediente del agente aduanal):<\/strong>\u00a0se cambi\u00f3 la estructura de la regla, para tener una mejor integraci\u00f3n de la misma, destacando lo siguiente:<\/li>\n<\/ul>\n<ul>\n<li>Modificaci\u00f3n de la estructura\n<ul>\n<li>Fracci\u00f3n VII paso a ser la fracci\u00f3n V<\/li>\n<li>Fracci\u00f3n VIII paso a ser la fracci\u00f3n VI<\/li>\n<li>Fracci\u00f3n IX paso a ser la fracci\u00f3n VII<\/li>\n<li>Fracci\u00f3n v y vi paso a ser parte del inciso a) de la fracci\u00f3n VII<\/li>\n<li>Inciso a y b de la fracci\u00f3n IX paso a ser inciso b) y c) de la fracci\u00f3n VII<\/li>\n<li>Fracci\u00f3n X paso a ser la fracci\u00f3n VIII<\/li>\n<li>Fracci\u00f3n XI se deroga<\/li>\n<li>Se adiciona un segundo p\u00e1rrafo a la regla<\/li>\n<\/ul>\n<\/li>\n<\/ul>\n<ul>\n<li>Ahora se solicitar\u00e1 la descripci\u00f3n y caracter\u00edsticas de los bienes inmuebles donde se llevan a cabo las actividades de la empresa, as\u00ed como de la maquinaria, equipo y medios de transporte utilizados en los procesos productivos incluyendo fotograf\u00edas de todos ellos.<\/li>\n<\/ul>\n<ul>\n<li>Actualizaci\u00f3n del expediente cada tres a\u00f1os o cuando la informaci\u00f3n inicial proporcionada por el usuario sea modificada<\/li>\n<\/ul>\n<h3><\/h3>\n<ul>\n<li><strong>Regla 4.8.2 (Recinto Fiscalizado Estrat\u00e9gico):<\/strong>\u00a0 se deroga el segundo p\u00e1rrafo de la regla, el cual refer\u00eda a los plazos de permanencia en RFE de hasta por 3 meses para las mercanc\u00edas terminadas (textiles y confecci\u00f3n), y para aquellas que presentaran las caracter\u00edsticas esenciales de la mercanc\u00eda completa o terminada, que se encontraban clasificadas en los Cap\u00edtulos 50 al 64 de la TIGIE<\/li>\n<\/ul>\n<h3><\/h3>\n<ul>\n<li><strong>Regla 4.8.4 (Exenci\u00f3n del Anexo 29):<\/strong>\u00a0Se adiciona un segundo p\u00e1rrafo para establecer que las restricciones del Anexo 29 (mercanc\u00edas que no pueden destinarse al r\u00e9gimen de RFE) no aplicar\u00e1n a empresas con autorizaci\u00f3n\u00a0<strong>PROSEC de la Industria Automotriz y de Autopartes<\/strong>\u00a0que operen bajo el r\u00e9gimen de recinto fiscalizado estrat\u00e9gico.<\/li>\n<\/ul>\n<h3><\/h3>\n<ul>\n<li><strong>Transitorio D\u00e9cimo Primero:<\/strong>\u00a0se mantiene hasta el\u00a0<strong>31 de mayo de 2026<\/strong>\u00a0el plazo para cumplir con las disposiciones de la manifestaci\u00f3n de valor conforme a las reglas vigentes en 2025.<\/li>\n<\/ul>\n<h3><\/h3>\n<div>La segunda versi\u00f3n anticipada tambi\u00e9n introduce formalmente cambios en los anexos de las reglas.<\/div>\n<h3><\/h3>\n<ul>\n<li><strong>Anexo 5:<\/strong>\u00a0Deroga el criterio 5\/LA\/PI Mercanc\u00edas destinadas al r\u00e9gimen de recinto fiscalizado estrat\u00e9gico para Textiles y calzado para adecuarlo al texto de las reglas.<\/li>\n<\/ul>\n<h3><\/h3>\n<ul>\n<li><strong>Anexo 29:<\/strong>\u00a0se adiciona una fracci\u00f3n III para establecer las fracciones adicionales al anexo I que no pueden destinarse al r\u00e9gimen de RFE donde principalmente figuran fracciones de textiles (insumos y producto terminado) y calzado.<\/li>\n<\/ul>\n<\/div>\n<\/div>\n<\/div>\n<\/div>\n<\/div>\n<\/div>\n<\/div>\n","protected":false},"excerpt":{"rendered":"<p>En el portal del SAT el 23 de abril de 2026 se public\u00f3 la\u00a0segunda versi\u00f3n anticipada de la primera resoluci\u00f3n de modificaciones a las reglas generales de comercio exterior para 2026\u00a0y anexos 5 y 29\u00a0donde se dan a conocer las siguientes modificaciones de inter\u00e9s: https:\/\/www.sat.gob.mx\/minisitio\/NormatividadRMFyRGCE\/documentos2026\/rgce\/anticipadas\/1aRMRGCE_2026Segundaanticipada.pdf Regla 1.5.1 (Manifestaci\u00f3n de Valor):\u00a0 se mantiene la reforma a&hellip; <br \/> <a class=\"read-more\" href=\"https:\/\/barradecomercio.org\/?p=13083\">Seguir leyendo&#8230;<\/a><\/p>\n","protected":false},"author":2,"featured_media":13085,"comment_status":"open","ping_status":"closed","sticky":false,"template":"","format":"standard","meta":{"jetpack_post_was_ever_published":false,"_jetpack_newsletter_access":"","_jetpack_dont_email_post_to_subs":false,"_jetpack_newsletter_tier_id":0,"_jetpack_memberships_contains_paywalled_content":false,"_jetpack_memberships_contains_paid_content":false,"footnotes":""},"categories":[287,319,273,312,3,288],"tags":[2007,372,1171,529,2008,2010,40,577,1572,279,2009],"table_tags":[],"class_list":["post-13083","post","type-post","status-publish","format-standard","has-post-thumbnail","hentry","category-industria-2","category-juridico","category-legislacion-2","category-logistica-2","category-noticomext","category-regulaciones","tag-2007","tag-agente-aduanal","tag-anexos","tag-calzado","tag-expediente","tag-fotografias","tag-reglas","tag-rfe","tag-rgce","tag-textil","tag-trazabilidad"],"jetpack_featured_media_url":"https:\/\/i0.wp.com\/barradecomercio.org\/wp-content\/uploads\/2026\/04\/M_2026_RGCE_anticipada2.jpg?fit=460%2C260&ssl=1","jetpack-related-posts":[],"jetpack_sharing_enabled":true,"_links":{"self":[{"href":"https:\/\/barradecomercio.org\/index.php?rest_route=\/wp\/v2\/posts\/13083","targetHints":{"allow":["GET"]}}],"collection":[{"href":"https:\/\/barradecomercio.org\/index.php?rest_route=\/wp\/v2\/posts"}],"about":[{"href":"https:\/\/barradecomercio.org\/index.php?rest_route=\/wp\/v2\/types\/post"}],"author":[{"embeddable":true,"href":"https:\/\/barradecomercio.org\/index.php?rest_route=\/wp\/v2\/users\/2"}],"replies":[{"embeddable":true,"href":"https:\/\/barradecomercio.org\/index.php?rest_route=%2Fwp%2Fv2%2Fcomments&post=13083"}],"version-history":[{"count":4,"href":"https:\/\/barradecomercio.org\/index.php?rest_route=\/wp\/v2\/posts\/13083\/revisions"}],"predecessor-version":[{"id":13088,"href":"https:\/\/barradecomercio.org\/index.php?rest_route=\/wp\/v2\/posts\/13083\/revisions\/13088"}],"wp:featuredmedia":[{"embeddable":true,"href":"https:\/\/barradecomercio.org\/index.php?rest_route=\/wp\/v2\/media\/13085"}],"wp:attachment":[{"href":"https:\/\/barradecomercio.org\/index.php?rest_route=%2Fwp%2Fv2%2Fmedia&parent=13083"}],"wp:term":[{"taxonomy":"category","embeddable":true,"href":"https:\/\/barradecomercio.org\/index.php?rest_route=%2Fwp%2Fv2%2Fcategories&post=13083"},{"taxonomy":"post_tag","embeddable":true,"href":"https:\/\/barradecomercio.org\/index.php?rest_route=%2Fwp%2Fv2%2Ftags&post=13083"},{"taxonomy":"table_tags","embeddable":true,"href":"https:\/\/barradecomercio.org\/index.php?rest_route=%2Fwp%2Fv2%2Ftable_tags&post=13083"}],"curies":[{"name":"wp","href":"https:\/\/api.w.org\/{rel}","templated":true}]}}