{"id":13039,"date":"2026-03-31T21:24:16","date_gmt":"2026-04-01T03:24:16","guid":{"rendered":"https:\/\/barradecomercio.org\/?p=13039"},"modified":"2026-03-31T21:27:56","modified_gmt":"2026-04-01T03:27:56","slug":"entrada-en-vigor-de-manifestacion-de-valor-electronica-por-reforma-de-ley-aduanera","status":"publish","type":"post","link":"https:\/\/barradecomercio.org\/?p=13039","title":{"rendered":"Pr\u00f3rroga entrada en vigor de Manifestaci\u00f3n de Valor Electr\u00f3nica por reforma de Ley Aduanera"},"content":{"rendered":"<div id=\"contenthost\" data-win-options=\"{home: '\/pages\/home\/home.html'}\" data-win-control=\"Application.PageControlNavigator\">\n<div class=\"win-disposable pagecontrol\">\n<div id=\"themeRoot\" class=\"default-theme\">\n<div id=\"mainContainer\" class=\"grid3x4\">\n<div id=\"editor\" class=\"editor-container\" data-win-control=\"UX.Control.Editor\">\n<div class=\"default-theme\" aria-label=\"themeRoot\">\n<div class=\"editor\" contenteditable=\"true\" spellcheck=\"true\">\n<div><img data-recalc-dims=\"1\" loading=\"lazy\" decoding=\"async\" class=\"alignleft size-full wp-image-13042\" src=\"https:\/\/i0.wp.com\/barradecomercio.org\/wp-content\/uploads\/2026\/03\/M_2026_prorroga_MVE-1.jpg?resize=460%2C260&#038;ssl=1\" alt=\"\" width=\"460\" height=\"260\" srcset=\"https:\/\/i0.wp.com\/barradecomercio.org\/wp-content\/uploads\/2026\/03\/M_2026_prorroga_MVE-1.jpg?w=460&amp;ssl=1 460w, https:\/\/i0.wp.com\/barradecomercio.org\/wp-content\/uploads\/2026\/03\/M_2026_prorroga_MVE-1.jpg?resize=300%2C170&amp;ssl=1 300w\" sizes=\"auto, (max-width: 460px) 100vw, 460px\" \/>La entrada en vigor la reforma a la Ley Aduanera, se prorroga para el 1 de junio, las empresas en M\u00e9xico enfrentan un reto operativo y de cumplimiento que podr\u00eda derivar en multas significativas e incluso en la suspensi\u00f3n de operaciones por parte de la autoridad tributaria federal.<\/div>\n<h3><\/h3>\n<p><a href=\"https:\/\/www.gob.mx\/sat\/prensa\/sat-amplia-plazo-para-la-entrada-en-vigor-de-la-manifestacion-de-valor-electronica-23-2026\">https:\/\/www.gob.mx\/sat\/prensa\/sat-amplia-plazo-para-la-entrada-en-vigor-de-la-manifestacion-de-valor-electronica-23-2026<\/a><\/p>\n<p>&nbsp;<\/p>\n<div>El cambio regulatorio tiene como eje central fortalecer la fiscalizaci\u00f3n del valor en aduana declarado en las importaciones, en un contexto donde los aranceles han cobrado mayor relevancia.<\/div>\n<h3><\/h3>\n<div>Esto no era relevante porque en el mundo del comercio exterior, los aranceles tend\u00edan a ser cero; es decir, no hab\u00eda tema de aranceles. Era muy bajo el arancel que se pagaba sobre el valor que se declara y entonces, realmente no hab\u00eda un impacto importante en el valor\u00a0 en la aduana, pero ahora s\u00ed es muy importante porque la geopol\u00edtica o las pol\u00edticas exteriores en materia de comercio internacional han cambiado y ahora s\u00ed tenemos aranceles.<\/div>\n<div>La reforma introduce la obligaci\u00f3n de transmitir la\u00a0Manifestaci\u00f3n de Valor Electr\u00f3nica\u00a0(MVE) por cada operaci\u00f3n de importaci\u00f3n, lo que implica reportar no solo datos b\u00e1sicos de la mercanc\u00eda, sino tambi\u00e9n sustento documental detallado: contratos, t\u00e9rminos de pago, Incoterms, gastos incrementables y condiciones comerciales, entre otros.<\/div>\n<h3><\/h3>\n<h3>Soluci\u00f3n integral<\/h3>\n<div>Ante este nuevo entorno, las empresas no deben limitarse a implementar herramientas tecnol\u00f3gicas para cumplir con el env\u00edo de informaci\u00f3n (transmisi\u00f3n), sino adoptar una \u201cSoluci\u00f3n de Principio a Fin\u201d basada en cuatro ejes fundamentales.<\/div>\n<div>El <strong>primero<\/strong> consiste en dar materialidad a las operaciones; es decir, formalizar relaciones comerciales con proveedores mediante contratos claros y metodolog\u00edas definidas para determinar el valor en aduana.<\/div>\n<div>El <strong>segundo<\/strong> bloque se enfoca en la trazabilidad, mediante procesos, tecnolog\u00eda y controles que permitan identificar el origen de cada dato reportado.<\/div>\n<div>El <strong>tercero<\/strong> implica la validaci\u00f3n de la informaci\u00f3n antes de su env\u00edo, asegurando consistencia entre las condiciones comerciales y lo declarado.<\/div>\n<div>Finalmente, el <strong>cuarto<\/strong> eje es la transmisi\u00f3n electr\u00f3nica de los datos, que representa solo la \u00faltima etapa del proceso.<\/div>\n<h3><\/h3>\n<h3>Se advierten riesgos<\/h3>\n<div>El nuevo esquema no solo implica ajustes administrativos, sino un cambio estructural en la forma en que las compa\u00f1\u00edas deben documentar, sustentar y transmitir la informaci\u00f3n de sus operaciones de comercio exterior.<\/div>\n<div>El impacto econ\u00f3mico puede ser significativo, con sanciones que van de 2,600 a 120,000 pesos por pedimento, aunado a posibles contingentes colaterales como suspensi\u00f3n en el padr\u00f3n de importadores, cancelaciones de programas de comercio exterior como IMMEX o certificaci\u00f3n de IVA.<\/div>\n<div>Pero el impacto de negocio es b\u00e1sicamente un paro operativo y por lo tanto la continuidad del negocio, que muchas veces sale m\u00e1s caro lo que pierdes por detener el negocio que las multas multimillonarias que te pueden poner por haber hecho algo incorrecto o no haber cumplido con algo. Entonces, lo que est\u00e1 en riesgo hoy es la misma existencia del negocio.<\/div>\n<div><\/div>\n<h3>Riesgo generalizado<\/h3>\n<div>A\u00a0diferencia de otros cambios regulatorios, esta reforma tendr\u00e1 un alcance transversal. Todas las empresas importadoras, sin importar su tama\u00f1o, sector o ubicaci\u00f3n, estar\u00e1n obligadas a cumplir con los nuevos lineamientos, con algunas excepciones para empresas certificadas.<\/div>\n<div>Es un tema generalizado que impacta a todas las empresas de todas las regiones, de todos los sectores, con algunas excepciones.<\/div>\n<div>No obstante, el riesgo se intensifica en regiones con alta actividad de comercio exterior, como la frontera norte, incluyendo plazas clave como Nuevo Laredo y Tijuana, as\u00ed como en polos log\u00edsticos estrat\u00e9gicos del pa\u00eds.<\/div>\n<div>Entre estos, destacan Jalisco y puertos de alto volumen como Manzanillo, Veracruz y Ensenada, adem\u00e1s de nodos log\u00edsticos relevantes como la aduana de\u00a0Pantaco en la Ciudad de M\u00e9xico.<\/div>\n<div><\/div>\n<h3>Se pr\u00f3rroga su inicio al mes de junio<\/h3>\n<div>El panorama es a\u00fan m\u00e1s apremiante debido a no se prev\u00e9n pr\u00f3rrogas. Las empresas que no se hayan preparado deber\u00e1n comenzar a operar bajo presi\u00f3n y asumiendo riesgos desde el primer d\u00eda.<\/div>\n<div>Si ya no te preparaste vas a tener que empezar a cumplir sobre las rodillas, o sea, vas a empezar a operar asumiendo riesgos. Lo importante es que puedas implementar esta Soluci\u00f3n de Principio a Fin para empezar a disminuir y eliminar los riesgos, y establecer un proceso de trabajo interno que te permita jalar la informaci\u00f3n y los datos correctos de las fuentes correctas, convertirlas en el formulario correcto para transmitirlo a nivel sistem\u00e1tico, automatizado y de manera consistente en todas las operaciones de importaci\u00f3n.<\/div>\n<div><\/div>\n<h3>Cumplimiento superficial<\/h3>\n<div>Uno de los principales errores que est\u00e1n cometiendo las empresas,\u00a0es asumir que el cumplimiento se limita a la transmisi\u00f3n electr\u00f3nica de datos.<\/div>\n<div>El uso de soluciones tecnol\u00f3gicas o intermediarios, como agentes aduanales, no garantiza el cumplimiento si no existe respaldo documental s\u00f3lido.<\/div>\n<div>&#8220;Porque si una empresa se queda tranquila con que ya lo logr\u00e9 transmitir, pero no hizo el trabajo de cancha o el trabajo de campo inicial, te vas a dar cuenta que dos a\u00f1os despu\u00e9s no ten\u00edas materialidad, transmitiste todo y entonces lo \u00fanico que hiciste fue sumarle multas por cada transacci\u00f3n, porque no tienes los documentos&#8221;.<\/div>\n<div>Ante este escenario, la recomendaci\u00f3n es implementar un modelo de cumplimiento integral que abarque desde la generaci\u00f3n de la informaci\u00f3n hasta su transmisi\u00f3n, asegurando control total sobre los procesos.<\/div>\n<\/div>\n<\/div>\n<\/div>\n<\/div>\n<\/div>\n<\/div>\n<\/div>\n","protected":false},"excerpt":{"rendered":"<p>La entrada en vigor la reforma a la Ley Aduanera, se prorroga para el 1 de junio, las empresas en M\u00e9xico enfrentan un reto operativo y de cumplimiento que podr\u00eda derivar en multas significativas e incluso en la suspensi\u00f3n de operaciones por parte de la autoridad tributaria federal. https:\/\/www.gob.mx\/sat\/prensa\/sat-amplia-plazo-para-la-entrada-en-vigor-de-la-manifestacion-de-valor-electronica-23-2026 &nbsp; El cambio regulatorio tiene como&hellip; <br \/> <a class=\"read-more\" href=\"https:\/\/barradecomercio.org\/?p=13039\">Seguir leyendo&#8230;<\/a><\/p>\n","protected":false},"author":2,"featured_media":13042,"comment_status":"open","ping_status":"closed","sticky":false,"template":"","format":"standard","meta":{"jetpack_post_was_ever_published":false,"_jetpack_newsletter_access":"","_jetpack_dont_email_post_to_subs":false,"_jetpack_newsletter_tier_id":0,"_jetpack_memberships_contains_paywalled_content":false,"_jetpack_memberships_contains_paid_content":false,"footnotes":""},"categories":[287,273,3],"tags":[1881,490,169,1524,383,2000,646,96,491],"table_tags":[],"class_list":["post-13039","post","type-post","status-publish","format-standard","has-post-thumbnail","hentry","category-industria-2","category-legislacion-2","category-noticomext","tag-electronica","tag-infracciones","tag-ley-aduanera","tag-manifestacion","tag-multas","tag-mve","tag-prorroga","tag-reformas","tag-sanciones"],"jetpack_featured_media_url":"https:\/\/i0.wp.com\/barradecomercio.org\/wp-content\/uploads\/2026\/03\/M_2026_prorroga_MVE-1.jpg?fit=460%2C260&ssl=1","jetpack-related-posts":[],"jetpack_sharing_enabled":true,"_links":{"self":[{"href":"https:\/\/barradecomercio.org\/index.php?rest_route=\/wp\/v2\/posts\/13039","targetHints":{"allow":["GET"]}}],"collection":[{"href":"https:\/\/barradecomercio.org\/index.php?rest_route=\/wp\/v2\/posts"}],"about":[{"href":"https:\/\/barradecomercio.org\/index.php?rest_route=\/wp\/v2\/types\/post"}],"author":[{"embeddable":true,"href":"https:\/\/barradecomercio.org\/index.php?rest_route=\/wp\/v2\/users\/2"}],"replies":[{"embeddable":true,"href":"https:\/\/barradecomercio.org\/index.php?rest_route=%2Fwp%2Fv2%2Fcomments&post=13039"}],"version-history":[{"count":2,"href":"https:\/\/barradecomercio.org\/index.php?rest_route=\/wp\/v2\/posts\/13039\/revisions"}],"predecessor-version":[{"id":13043,"href":"https:\/\/barradecomercio.org\/index.php?rest_route=\/wp\/v2\/posts\/13039\/revisions\/13043"}],"wp:featuredmedia":[{"embeddable":true,"href":"https:\/\/barradecomercio.org\/index.php?rest_route=\/wp\/v2\/media\/13042"}],"wp:attachment":[{"href":"https:\/\/barradecomercio.org\/index.php?rest_route=%2Fwp%2Fv2%2Fmedia&parent=13039"}],"wp:term":[{"taxonomy":"category","embeddable":true,"href":"https:\/\/barradecomercio.org\/index.php?rest_route=%2Fwp%2Fv2%2Fcategories&post=13039"},{"taxonomy":"post_tag","embeddable":true,"href":"https:\/\/barradecomercio.org\/index.php?rest_route=%2Fwp%2Fv2%2Ftags&post=13039"},{"taxonomy":"table_tags","embeddable":true,"href":"https:\/\/barradecomercio.org\/index.php?rest_route=%2Fwp%2Fv2%2Ftable_tags&post=13039"}],"curies":[{"name":"wp","href":"https:\/\/api.w.org\/{rel}","templated":true}]}}