{"id":12460,"date":"2025-01-08T21:35:09","date_gmt":"2025-01-09T03:35:09","guid":{"rendered":"https:\/\/barradecomercio.org\/?p=12460"},"modified":"2025-01-08T21:35:09","modified_gmt":"2025-01-09T03:35:09","slug":"los-desafios-del-acuerdo-comercial-entre-la-union-europea-y-el-mercosur","status":"publish","type":"post","link":"https:\/\/barradecomercio.org\/?p=12460","title":{"rendered":"Los desaf\u00edos del acuerdo comercial entre la Uni\u00f3n Europea y el Mercosur"},"content":{"rendered":"<p><img data-recalc-dims=\"1\" loading=\"lazy\" decoding=\"async\" class=\"alignleft size-full wp-image-12461\" src=\"https:\/\/i0.wp.com\/barradecomercio.org\/wp-content\/uploads\/2025\/01\/M_2025-mercosur.jpg?resize=460%2C260&#038;ssl=1\" alt=\"\" width=\"460\" height=\"260\" srcset=\"https:\/\/i0.wp.com\/barradecomercio.org\/wp-content\/uploads\/2025\/01\/M_2025-mercosur.jpg?w=460&amp;ssl=1 460w, https:\/\/i0.wp.com\/barradecomercio.org\/wp-content\/uploads\/2025\/01\/M_2025-mercosur.jpg?resize=300%2C170&amp;ssl=1 300w\" sizes=\"auto, (max-width: 460px) 100vw, 460px\" \/>Anunciado este viernes tras 25 a\u00f1os de negociaciones, el acuerdo para un tratado de libre comercio entre la\u00a0Uni\u00f3n Europea y los pa\u00edses del Mercosur\u00a0tendr\u00eda ganadores y perdedores, lo que explica la oposici\u00f3n por ejemplo de Francia.<\/p>\n<p>La presidenta de la\u00a0<b>Comisi\u00f3n Europea<\/b>\u00a0(el brazo ejecutivo de la UE), Ursula von der Leyen, dijo que &#8220;econ\u00f3micamente, este es un acuerdo en el que todos ganan&#8221;, una visi\u00f3n cuestionada por la mayor potencia agr\u00edcola europea.<\/p>\n<h3>\u00bfQu\u00e9 es el tratado UE-Mercosur?<\/h3>\n<p>Se trata de un\u00a0ambicioso acuerdo que consta de cap\u00edtulos sobre asociaci\u00f3n pol\u00edtica, cooperaci\u00f3n y un controvertido segmento sobre comercio, que busca eliminar la mayor\u00eda de los aranceles entre ambas zonas.<\/p>\n<p>Creado en 1991, el Mercosur (Mercado com\u00fan del sur) agrupa a cinco pa\u00edses: Brasil, Argentina, Uruguay, Paraguay y Bolivia, que se uni\u00f3 en 2023.<\/p>\n<p>Venezuela adhiri\u00f3 al bloque en 2012 pero su membres\u00eda fue suspendida desde 2016. El tratado negociado no incluye a Venezuela ni a Bolivia, sino a los cuatro pa\u00edses fundadores del bloque.<\/p>\n<p>Los contactos entre la\u00a0<b>UE y el Mercosur<\/b>\u00a0comenzaron en 1999. Si resulta implementado, este acuerdo permitir\u00eda a los cuatro pa\u00edses sudamericanos exportar a Europa carne (vacuna y de aves de corral), az\u00facar, arroz o miel.<\/p>\n<p>La UE, por su parte, exportar\u00eda veh\u00edculos, maquinaria y productos farmac\u00e9uticos.<\/p>\n<p>En 2019, los dos bloques anunciaron un acuerdo pol\u00edtico, pero pa\u00edses de la UE exigieron que se a\u00f1adan garant\u00edas medioambientales, y la negociaci\u00f3n se extendi\u00f3 por otros cinco a\u00f1os, ya que varios cap\u00edtulos fueron reabiertos.<\/p>\n<h3>\u00bfQui\u00e9n saldr\u00eda ganando?<\/h3>\n<p>De acuerdo con la\u00a0<b>Comisi\u00f3n Europea<\/b>, las empresas de los dos bloques pasar\u00edan a actuar en un mercado con 279 millones de personas del lado del Mercosur y 450 millones del lado de la UE.<\/p>\n<p>En ese escenario, los pa\u00edses de la UE tienen intereses diversos. Espa\u00f1a tiene particular inter\u00e9s en las exportaciones de aceite de oliva y vinos, el tiempo que Alemania, por ejemplo, busca un espacio que pueda auxiliar a su alica\u00edda industria automovil\u00edstica.<\/p>\n<p>Para los sudamericanos, el acuerdo representar\u00eda acceso a un mercado que requiere alimentos. En 2023, los cuatro pa\u00edses del Mercosur exportaron a la UE alimentos (carne, soja y ma\u00edz) por unos 24,000 millones de d\u00f3lares.<\/p>\n<p>Adem\u00e1s, el desaf\u00edo planteado por la transici\u00f3n clim\u00e1tica empuja a Europa a acercarse a la regi\u00f3n sudamericana, rica en litio, cobre, hierro y cobalto.<\/p>\n<p>Las crecientes tensiones comerciales con China y la perspectiva de dificultades con Estados Unidos en un futuro pr\u00f3ximo tambi\u00e9n tuvieron un papel en la aproximaci\u00f3n de la UE con el bloque del Mercosur.<\/p>\n<h3>\u00bfQui\u00e9n saldr\u00eda perdiendo?<\/h3>\n<p>Los granjeros franceses son los que m\u00e1s han puesto el grito en el cielo por el acuerdo.<\/p>\n<p>El acuerdo prev\u00e9 cuotas de exportaci\u00f3n de 99,000 toneladas de carne vacuna y la supresi\u00f3n de todos los derechos de aduana sobre 60,000 toneladas de carne importada a Europa desde el Mercosur.<\/p>\n<p>La\u00a0<b>Comisi\u00f3n Europea<\/b>\u00a0afirma que esas cuotas representan solo un 1,6% de la producci\u00f3n anual de carne bovina en la UE.<\/p>\n<p>La posici\u00f3n francesa es que el acuerdo expondr\u00e1 a los productores agropecuarios de ese pa\u00eds a una demoledora competencia con rivales que no est\u00e1n sometidos a las mismas exigencias, sobre todo en materia ambiental.<\/p>\n<p>En contrapartida, los cuatro pa\u00edses sudamericanos quieren evitar que sus propias industrias resulten aplastadas por sus equivalentes europeos.<\/p>\n<p>Por esa raz\u00f3n, por ejemplo, Brasil busca proteger su industria automotriz de los efectos del acuerdo.<\/p>\n<h3>\u00bfY ahora?<\/h3>\n<p>El acuerdo anunciado en Montevideo tiene que ser ratificado en la UE, en un proceso de extrema complejidad que en parte a\u00fan no est\u00e1 plenamente definido.<\/p>\n<p>Seg\u00fan las normas de la UE, el comercio es una atribuci\u00f3n de la Comisi\u00f3n, que ahora tendr\u00e1 que definir si divide el acuerdo y somete el cap\u00edtulo comercial a un proceso de aprobaci\u00f3n m\u00e1s directo, aunque hay pa\u00edses que se oponen a ello.<\/p>\n<p>Normalmente, la ratificaci\u00f3n de la UE requiere que 15 Estados miembros que representan el 65% de la poblaci\u00f3n del bloque de 27 naciones la aprueben y luego obtengan la autorizaci\u00f3n del Parlamento Europeo.<\/p>\n<p>Francia ha dejado claro que continuar\u00e1 en su empe\u00f1o de bloquear al acuerdo, en una postura que logr\u00f3 la solidaridad de Polonia e Italia.<\/p>\n<p>Austria y los Pa\u00edses Bajos tambi\u00e9n han expresado reservas.<\/p>\n<p>El primer paso, sin embargo, ser\u00e1 la traducci\u00f3n de todos los textos negociados a los 24 idiomas oficiales de la UE, para dar inicio a la revisi\u00f3n legal.<\/p>\n","protected":false},"excerpt":{"rendered":"<p>Anunciado este viernes tras 25 a\u00f1os de negociaciones, el acuerdo para un tratado de libre comercio entre la\u00a0Uni\u00f3n Europea y los pa\u00edses del Mercosur\u00a0tendr\u00eda ganadores y perdedores, lo que explica la oposici\u00f3n por ejemplo de Francia. La presidenta de la\u00a0Comisi\u00f3n Europea\u00a0(el brazo ejecutivo de la UE), Ursula von der Leyen, dijo que &#8220;econ\u00f3micamente, este es&hellip; <br \/> <a class=\"read-more\" href=\"https:\/\/barradecomercio.org\/?p=12460\">Seguir leyendo&#8230;<\/a><\/p>\n","protected":false},"author":2,"featured_media":12461,"comment_status":"open","ping_status":"closed","sticky":false,"template":"","format":"standard","meta":{"jetpack_post_was_ever_published":false,"_jetpack_newsletter_access":"","_jetpack_dont_email_post_to_subs":false,"_jetpack_newsletter_tier_id":0,"_jetpack_memberships_contains_paywalled_content":false,"_jetpack_memberships_contains_paid_content":false,"footnotes":""},"categories":[1640,895],"tags":[],"table_tags":[],"class_list":["post-12460","post","type-post","status-publish","format-standard","has-post-thumbnail","hentry","category-finanzas","category-internacional-2"],"jetpack_featured_media_url":"https:\/\/i0.wp.com\/barradecomercio.org\/wp-content\/uploads\/2025\/01\/M_2025-mercosur.jpg?fit=460%2C260&ssl=1","jetpack-related-posts":[],"jetpack_sharing_enabled":true,"_links":{"self":[{"href":"https:\/\/barradecomercio.org\/index.php?rest_route=\/wp\/v2\/posts\/12460","targetHints":{"allow":["GET"]}}],"collection":[{"href":"https:\/\/barradecomercio.org\/index.php?rest_route=\/wp\/v2\/posts"}],"about":[{"href":"https:\/\/barradecomercio.org\/index.php?rest_route=\/wp\/v2\/types\/post"}],"author":[{"embeddable":true,"href":"https:\/\/barradecomercio.org\/index.php?rest_route=\/wp\/v2\/users\/2"}],"replies":[{"embeddable":true,"href":"https:\/\/barradecomercio.org\/index.php?rest_route=%2Fwp%2Fv2%2Fcomments&post=12460"}],"version-history":[{"count":1,"href":"https:\/\/barradecomercio.org\/index.php?rest_route=\/wp\/v2\/posts\/12460\/revisions"}],"predecessor-version":[{"id":12462,"href":"https:\/\/barradecomercio.org\/index.php?rest_route=\/wp\/v2\/posts\/12460\/revisions\/12462"}],"wp:featuredmedia":[{"embeddable":true,"href":"https:\/\/barradecomercio.org\/index.php?rest_route=\/wp\/v2\/media\/12461"}],"wp:attachment":[{"href":"https:\/\/barradecomercio.org\/index.php?rest_route=%2Fwp%2Fv2%2Fmedia&parent=12460"}],"wp:term":[{"taxonomy":"category","embeddable":true,"href":"https:\/\/barradecomercio.org\/index.php?rest_route=%2Fwp%2Fv2%2Fcategories&post=12460"},{"taxonomy":"post_tag","embeddable":true,"href":"https:\/\/barradecomercio.org\/index.php?rest_route=%2Fwp%2Fv2%2Ftags&post=12460"},{"taxonomy":"table_tags","embeddable":true,"href":"https:\/\/barradecomercio.org\/index.php?rest_route=%2Fwp%2Fv2%2Ftable_tags&post=12460"}],"curies":[{"name":"wp","href":"https:\/\/api.w.org\/{rel}","templated":true}]}}