{"id":11989,"date":"2024-03-22T04:21:06","date_gmt":"2024-03-22T10:21:06","guid":{"rendered":"https:\/\/barradecomercio.org\/?p=11989"},"modified":"2024-04-26T01:13:51","modified_gmt":"2024-04-26T07:13:51","slug":"carta-porte-3-0-del-sat-y-nuevos-catalogos-2","status":"publish","type":"post","link":"https:\/\/barradecomercio.org\/?p=11989","title":{"rendered":"Aplicaci\u00f3n del IVA para Agentes de Carga &#8220;Comisionistas&#8221;. Forwarders"},"content":{"rendered":"<div id=\"readability-page-1\" class=\"page\">\n<div id=\"page\">\n<div id=\"content\">\n<div id=\"primary\">\n<article id=\"post-34969\">\n<div dir=\"auto\">\n<div><\/div>\n<p>Las operaciones de los agentes de carga contempla distintos supuestos de aplicaci\u00f3n tanto para operaciones de exportaci\u00f3n como operaciones de importaci\u00f3n, as\u00ed como la contrataci\u00f3n de distintos medios de transporte, por lo anterior es necesario precisar la correcta aplicaci\u00f3n de la Ley del Impuesto al Valor Agregado, tanto para operaciones que se efect\u00faan en territorio nacional como aquellas que se efect\u00faan en el extranjero.<\/p>\n<p><img data-recalc-dims=\"1\" loading=\"lazy\" decoding=\"async\" class=\"aligncenter wp-image-12006\" src=\"https:\/\/i0.wp.com\/barradecomercio.org\/wp-content\/uploads\/2024\/03\/Ejemplos-aplicacion-IVA-Comercio-Exterior-Forwarders.jpg?resize=600%2C450&#038;ssl=1\" alt=\"\" width=\"600\" height=\"450\" srcset=\"https:\/\/i0.wp.com\/barradecomercio.org\/wp-content\/uploads\/2024\/03\/Ejemplos-aplicacion-IVA-Comercio-Exterior-Forwarders.jpg?w=960&amp;ssl=1 960w, https:\/\/i0.wp.com\/barradecomercio.org\/wp-content\/uploads\/2024\/03\/Ejemplos-aplicacion-IVA-Comercio-Exterior-Forwarders.jpg?resize=300%2C225&amp;ssl=1 300w, https:\/\/i0.wp.com\/barradecomercio.org\/wp-content\/uploads\/2024\/03\/Ejemplos-aplicacion-IVA-Comercio-Exterior-Forwarders.jpg?resize=768%2C576&amp;ssl=1 768w\" sizes=\"auto, (max-width: 600px) 100vw, 600px\" \/><\/p>\n<blockquote>\n<h4><span style=\"color: #808080;\">Se entiende que se presta el servicio en territorio nacional cuando en el mismo se lleva a cabo, total o parcialmente, por un residente en el pa\u00eds.<\/span><\/h4>\n<h4><span style=\"color: #808080;\">En el caso de transporte internacional, se considera que el servicio se presta en territorio nacional independientemente de la residencia del porteador, cuando en el mismo se inicie el viaje, incluso si \u00e9ste es de ida y vuelta.<\/span><\/h4>\n<h4><span style=\"color: #808080;\">Trat\u00e1ndose de transportaci\u00f3n a\u00e9rea internacional, se considera que \u00fanicamente se presta el 25% del servicio en territorio nacional. La transportaci\u00f3n a\u00e9rea a las poblaciones mexicanas ubicadas en la franja fronteriza de 20 kil\u00f3metros paralela a las l\u00edneas divisorias internacionales del norte y sur del pa\u00eds, gozar\u00e1 del mismo tratamiento.&#8221;<\/span><\/h4>\n<\/blockquote>\n<p><img data-recalc-dims=\"1\" loading=\"lazy\" decoding=\"async\" class=\"aligncenter wp-image-12007\" src=\"https:\/\/i0.wp.com\/barradecomercio.org\/wp-content\/uploads\/2024\/03\/Ejemplos-aplicacion-IVA-Comercio-Exterior-Forwarders-2.jpg?resize=600%2C450&#038;ssl=1\" alt=\"\" width=\"600\" height=\"450\" srcset=\"https:\/\/i0.wp.com\/barradecomercio.org\/wp-content\/uploads\/2024\/03\/Ejemplos-aplicacion-IVA-Comercio-Exterior-Forwarders-2.jpg?w=960&amp;ssl=1 960w, https:\/\/i0.wp.com\/barradecomercio.org\/wp-content\/uploads\/2024\/03\/Ejemplos-aplicacion-IVA-Comercio-Exterior-Forwarders-2.jpg?resize=300%2C225&amp;ssl=1 300w, https:\/\/i0.wp.com\/barradecomercio.org\/wp-content\/uploads\/2024\/03\/Ejemplos-aplicacion-IVA-Comercio-Exterior-Forwarders-2.jpg?resize=768%2C576&amp;ssl=1 768w\" sizes=\"auto, (max-width: 600px) 100vw, 600px\" \/><\/p>\n<p>Por lo anterior es necesario precisar que existe diferencia entre las operaciones realizadas directamente por parte de los importadores y exportadores y las realizadas mediante <span style=\"text-decoration: underline;\"><strong>intermediaci\u00f3n mercantil\u00a0 y la comisi\u00f3n mercantil<\/strong>.<\/span> En este sentido la <strong>intermediaci\u00f3n<\/strong>, a trav\u00e9s de el Agente de Carga, se debe verificar que se <strong>reenvien<\/strong> (forwarding) las facturas originales al cliente final y verifique que se efect\u00faen los pagos a los distintos prestadores de servicios, llevando un control de cuentas de gastos y facturas emitidas directamente para el cliente. Y en el caso de la <strong>comisi\u00f3n<\/strong> el Agente de Carga realiza la contrataci\u00f3n de los servicios ya sea en nombre propio o a nombre de su cliente para cumplir con el objetivo de la transportaci\u00f3n internacional.<\/p>\n<blockquote>\n<h4><span style=\"color: #808080;\">La representaci\u00f3n confiada al agente de carga por el cargador de mercanc\u00edas de comercio exterior, para que se haga cargo de la gesti\u00f3n del transporte, constituye un acto concreto de comercio al que, seg\u00fan el C\u00f3digo de Comercio, se le considera \u201ccomisi\u00f3n mercantil\u201d. Es comitente el cargador que confiere comisi\u00f3n mercantil y comisionista, el agente de carga que la desempe\u00f1a. &#8220;<\/span><\/h4>\n<\/blockquote>\n<p>La normatividad en M\u00e9xico establece las formalidades que deben de cumplir los agentes de carga mediante la <span style=\"text-decoration: underline;\"><strong>Comisi\u00f3n Mercanti<\/strong>l<\/span>\u00a0 o la<span style=\"text-decoration: underline;\"><strong> intermediaci\u00f3n (forwarding)<\/strong> <\/span>para la prestaci\u00f3n de sus servicios diferenci\u00e1ndolos de los <span style=\"text-decoration: underline;\"><strong>agentes navieros<\/strong><\/span> que representan al <span style=\"text-decoration: underline;\"><strong>porteadora ya sea nacional o internacional<\/strong><\/span>, por lo que se verificar\u00e1 en la documentaci\u00f3n presentada por la empresa la debida declaraci\u00f3n del IVA, as\u00ed como el soporte correspondiente para la aplicaci\u00f3n en su caso de la tasa 0% del IVA para operaciones de exportaci\u00f3n a trav\u00e9s de la modalidad de Agentes de Carga con empresas porteadoras nacionales y residentes en el extranjero para su debido cumplimiento fiscal.<\/p>\n<\/div>\n<\/article>\n<p>&nbsp;<\/p>\n<\/div>\n<\/div>\n<\/div>\n<\/div>\n<p>&nbsp;<\/p>\n<div class=\"WordSection1\">\n<table class=\"MsoTableGrid\" style=\"width: 810px; border-collapse: collapse; border: none; margin-left: 4.8pt; margin-right: 4.8pt; height: 1605px;\" border=\"1\" width=\"0\" cellspacing=\"0\" cellpadding=\"0\" align=\"left\">\n<tbody>\n<tr style=\"mso-yfti-irow: 0; mso-yfti-firstrow: yes; height: 42.5pt;\">\n<td style=\"width: 50.0%; border: solid white 3.0pt; mso-border-themecolor: background1; background: #002060; padding: 0cm 0cm 0cm 0cm; height: 42.5pt;\" width=\"50%\">\n<h3 class=\"MsoNormal\" style=\"text-align: center; mso-pagination: none; mso-layout-grid-align: none; text-autospace: none; mso-element: frame; mso-element-frame-hspace: 7.05pt; mso-element-wrap: around; mso-element-anchor-vertical: paragraph; mso-element-anchor-horizontal: column; mso-element-left: center; mso-element-top: .05pt; mso-height-rule: exactly; margin: 6.0pt 8.55pt 6.0pt 7.3pt;\" align=\"center\"><b><span style=\"font-size: 9.0pt; line-height: 115%; font-family: 'Arial Narrow',sans-serif; color: white; mso-themecolor: background1; mso-fareast-language: ES-MX;\">TR\u00c1FICOS ADUANEROS<\/span><\/b><\/h3>\n<\/td>\n<td style=\"width: 50.0%; border: solid white 3.0pt; mso-border-themecolor: background1; border-left: none; mso-border-left-alt: solid white 3.0pt; mso-border-left-themecolor: background1; background: #385623; mso-background-themecolor: accent6; mso-background-themeshade: 128; padding: 0cm 0cm 0cm 0cm; height: 42.5pt;\" width=\"50%\">\n<h3 class=\"MsoNormal\" style=\"text-align: center; mso-pagination: none; mso-layout-grid-align: none; text-autospace: none; mso-element: frame; mso-element-frame-hspace: 7.05pt; mso-element-wrap: around; mso-element-anchor-vertical: paragraph; mso-element-anchor-horizontal: column; mso-element-left: center; mso-element-top: .05pt; mso-height-rule: exactly; margin: 6.0pt 8.55pt 6.0pt 7.3pt;\" align=\"center\"><b><span style=\"font-size: 9.0pt; line-height: 115%; font-family: 'Arial Narrow',sans-serif; color: white; mso-themecolor: background1; mso-fareast-language: ES-MX;\">TR\u00c1FICOS ADUANEROS<\/span><\/b><b><\/b><\/h3>\n<\/td>\n<\/tr>\n<tr style=\"mso-yfti-irow: 1; height: 42.5pt;\">\n<td style=\"width: 50.0%; border: solid white 3.0pt; mso-border-themecolor: background1; border-top: none; mso-border-top-alt: solid white 3.0pt; mso-border-top-themecolor: background1; background: #D9E2F3; mso-background-themecolor: accent5; mso-background-themetint: 51; padding: 0cm 0cm 0cm 0cm; height: 42.5pt;\" valign=\"top\" width=\"50%\">\n<p class=\"MsoNormal\" style=\"mso-pagination: none; background: #191468; mso-layout-grid-align: none; text-autospace: none; mso-element: frame; mso-element-frame-hspace: 7.05pt; mso-element-wrap: around; mso-element-anchor-vertical: paragraph; mso-element-anchor-horizontal: column; mso-element-left: center; mso-element-top: .05pt; mso-height-rule: exactly; margin: 6.0pt 8.55pt 2.0pt 7.35pt;\"><b><span style=\"font-size: 14.0pt; mso-bidi-font-size: 9.0pt; line-height: 115%; font-family: 'Arial Narrow',sans-serif; color: white; mso-themecolor: background1; mso-fareast-language: ES-MX;\"><img data-recalc-dims=\"1\" decoding=\"async\" src=\"https:\/\/i0.wp.com\/barradecomercio.org\/noticomext\/IVA_forwarders_comisionistas\/IVA_Forwarders_comisionistas_archivos\/image004.jpg?w=3840&#038;ssl=1\" \/>\u00a0 A1<\/span><\/b><b><span style=\"font-size: 9.0pt; line-height: 115%; font-family: 'Arial Narrow',sans-serif; color: white; mso-themecolor: background1; mso-fareast-language: ES-MX;\">. MAR\u00cdTIMO DE EXPORTACI\u00d3N<\/span><\/b><span style=\"font-size: 9.0pt; line-height: 115%; font-family: 'Arial Narrow',sans-serif; color: white; mso-themecolor: background1; mso-fareast-language: ES-MX; mso-bidi-font-weight: bold;\">.<\/span><\/p>\n<p class=\"MsoNormal\" style=\"mso-pagination: none; background: #8496B0; mso-background-themecolor: text2; mso-background-themetint: 153; mso-layout-grid-align: none; text-autospace: none; mso-element: frame; mso-element-frame-hspace: 7.05pt; mso-element-wrap: around; mso-element-anchor-vertical: paragraph; mso-element-anchor-horizontal: column; mso-element-left: center; mso-element-top: .05pt; mso-height-rule: exactly; margin: 0cm 8.55pt 2.0pt 7.35pt;\"><b><span style=\"font-size: 9.0pt; line-height: 115%; font-family: 'Arial Narrow',sans-serif; color: white; mso-themecolor: background1; mso-fareast-language: ES-MX;\"><img data-recalc-dims=\"1\" decoding=\"async\" src=\"https:\/\/i0.wp.com\/barradecomercio.org\/noticomext\/IVA_forwarders_comisionistas\/IVA_Forwarders_comisionistas_archivos\/image004.jpg?w=3840&#038;ssl=1\" \/>\u00a0 \u00a0PORTEADORA NACIONAL.<\/span><\/b><\/p>\n<p class=\"MsoNormal\" style=\"mso-pagination: none; background: #9CC2E5; mso-background-themecolor: accent1; mso-background-themetint: 153; mso-layout-grid-align: none; text-autospace: none; mso-element: frame; mso-element-frame-hspace: 7.05pt; mso-element-wrap: around; mso-element-anchor-vertical: paragraph; mso-element-anchor-horizontal: column; mso-element-left: center; mso-element-top: .05pt; mso-height-rule: exactly; margin: 0cm 8.55pt 2.0pt 7.35pt;\"><img data-recalc-dims=\"1\" decoding=\"async\" src=\"https:\/\/i0.wp.com\/barradecomercio.org\/noticomext\/IVA_forwarders_comisionistas\/IVA_Forwarders_comisionistas_archivos\/image004.jpg?w=3840&#038;ssl=1\" \/>\u00a0 \u00a0<b><span style=\"font-size: 9.0pt; line-height: 115%; font-family: 'Arial Narrow',sans-serif; color: white; mso-themecolor: background1; mso-fareast-language: ES-MX;\">AGENTE DE CARGA <\/span><\/b><span style=\"font-size: 9.0pt; line-height: 115%; font-family: 'Arial Narrow',sans-serif; color: white; mso-themecolor: background1; mso-fareast-language: ES-MX; mso-bidi-font-weight: bold;\">(Comisionista).<b><\/b><\/span><\/p>\n<ul>\n<li class=\"MsoListParagraph\" style=\"text-indent: -9.25pt; line-height: normal;\"><span style=\"font-size: 9pt; font-family: 'Arial Narrow', sans-serif; color: #000000;\">\u00a0 \u00a0 \u00a0IVA: <b>TASA 0%<\/b> al total del flete de <b>exportaci\u00f3n <\/b>al flete<br \/>\nde exportaci\u00f3n de empresa <b>PORTEADORA NACIONAL<\/b> y los servicios portuarios de carga, descarga, alijo, almacenaje, custodia, estiba y acarreo dentro de los puertos e instalaciones portuarias, siempre que se presten en maniobras para la exportaci\u00f3n de mercanc\u00edas.<\/span><\/li>\n<\/ul>\n<\/td>\n<td style=\"width: 50.0%; border-top: none; border-left: none; border-bottom: solid white 3.0pt; mso-border-bottom-themecolor: background1; border-right: solid white 3.0pt; mso-border-right-themecolor: background1; mso-border-top-alt: solid white 3.0pt; mso-border-top-themecolor: background1; mso-border-left-alt: solid white 3.0pt; mso-border-left-themecolor: background1; background: #99FF99; padding: 0cm 0cm 0cm 0cm; height: 42.5pt;\" valign=\"top\" width=\"50%\">\n<p class=\"MsoNormal\" style=\"mso-pagination: none; background: #006600; mso-layout-grid-align: none; text-autospace: none; mso-element: frame; mso-element-frame-hspace: 7.05pt; mso-element-wrap: around; mso-element-anchor-vertical: paragraph; mso-element-anchor-horizontal: column; mso-element-left: center; mso-element-top: .05pt; mso-height-rule: exactly; margin: 6.0pt 8.55pt 2.0pt 7.35pt;\"><b><span style=\"font-size: 14.0pt; mso-bidi-font-size: 9.0pt; line-height: 115%; font-family: 'Arial Narrow',sans-serif; color: white; mso-themecolor: background1; mso-fareast-language: ES-MX;\"><img data-recalc-dims=\"1\" decoding=\"async\" src=\"https:\/\/i0.wp.com\/barradecomercio.org\/noticomext\/IVA_forwarders_comisionistas\/IVA_Forwarders_comisionistas_archivos\/image004.jpg?w=3840&#038;ssl=1\" \/>\u00a0 A2<\/span><\/b><b><span style=\"font-size: 9.0pt; line-height: 115%; font-family: 'Arial Narrow',sans-serif; color: white; mso-themecolor: background1; mso-fareast-language: ES-MX;\">. MAR\u00cdTIMO DE IMPORTACI\u00d3N.<\/span><\/b> <b><\/b><\/p>\n<p class=\"MsoNormal\" style=\"mso-pagination: none; background: #00B050; mso-layout-grid-align: none; text-autospace: none; mso-element: frame; mso-element-frame-hspace: 7.05pt; mso-element-wrap: around; mso-element-anchor-vertical: paragraph; mso-element-anchor-horizontal: column; mso-element-left: center; mso-element-top: .05pt; mso-height-rule: exactly; margin: 0cm 8.55pt 2.0pt 7.35pt;\"><img data-recalc-dims=\"1\" decoding=\"async\" src=\"https:\/\/i0.wp.com\/barradecomercio.org\/noticomext\/IVA_forwarders_comisionistas\/IVA_Forwarders_comisionistas_archivos\/image004.jpg?w=3840&#038;ssl=1\" \/>\u00a0 \u00a0<b><span style=\"font-size: 9.0pt; line-height: 115%; font-family: 'Arial Narrow',sans-serif; color: white; mso-themecolor: background1; mso-fareast-language: ES-MX;\">PORTEADORA NACIONAL. <\/span><\/b><\/p>\n<p class=\"MsoNormal\" style=\"mso-pagination: none; background: #92D050; mso-layout-grid-align: none; text-autospace: none; mso-element: frame; mso-element-frame-hspace: 7.05pt; mso-element-wrap: around; mso-element-anchor-vertical: paragraph; mso-element-anchor-horizontal: column; mso-element-left: center; mso-element-top: .05pt; mso-height-rule: exactly; margin: 0cm 8.55pt 2.0pt 7.35pt;\"><img data-recalc-dims=\"1\" decoding=\"async\" src=\"https:\/\/i0.wp.com\/barradecomercio.org\/noticomext\/IVA_forwarders_comisionistas\/IVA_Forwarders_comisionistas_archivos\/image004.jpg?w=3840&#038;ssl=1\" \/>\u00a0 \u00a0<b><span style=\"font-size: 9.0pt; line-height: 115%; font-family: 'Arial Narrow',sans-serif; color: white; mso-themecolor: background1; mso-fareast-language: ES-MX;\">AGENTE DE CARGA <\/span><\/b><span style=\"font-size: 9.0pt; line-height: 115%; font-family: 'Arial Narrow',sans-serif; color: white; mso-themecolor: background1; mso-fareast-language: ES-MX; mso-bidi-font-weight: bold;\">(Comisionista).<b><\/b><\/span><\/p>\n<ul>\n<li class=\"MsoListParagraph\" style=\"text-indent: -7.95pt; line-height: normal;\"><span style=\"color: #000000;\"><span style=\"font-size: 9.0pt; font-family: 'Arial Narrow',sans-serif; mso-fareast-language: ES-MX; mso-bidi-font-weight: bold;\">\u00a0 \u00a0<\/span><span style=\"font-size: 9.0pt; font-family: 'Arial Narrow',sans-serif; mso-fareast-language: ES-MX; mso-bidi-font-weight: bold;\">IVA: <b>No sujeto al impuesto<\/b> al total del flete internacional al<br \/>\nflete de importaci\u00f3n de empresa <b>PORTEADORA NACIONAL<\/b>.<\/span><\/span><\/li>\n<li class=\"MsoListParagraph\" style=\"text-indent: -7.95pt; line-height: normal;\"><span style=\"color: #000000;\"><span style=\"font-size: 9.0pt; font-family: 'Arial Narrow',sans-serif; mso-fareast-language: ES-MX; mso-bidi-font-weight: bold;\">\u00a0 \u00a0<\/span><span style=\"font-size: 9.0pt; font-family: 'Arial Narrow',sans-serif; mso-fareast-language: ES-MX; mso-bidi-font-weight: bold;\">IVA: <b>Tasa 16%<\/b> en servicios portuarios de carga, descarga, alijo, almacenaje, custodia, estiba y acarreo dentro de los puertos e instalaciones portuarias y servicios intermodales prestados en territorio nacional.<\/span><\/span><\/li>\n<\/ul>\n<\/td>\n<\/tr>\n<tr style=\"mso-yfti-irow: 2; height: 148.95pt;\">\n<td style=\"width: 50.0%; border: solid white 3.0pt; mso-border-themecolor: background1; border-top: none; mso-border-top-alt: solid white 3.0pt; mso-border-top-themecolor: background1; background: #D9E2F3; mso-background-themecolor: accent5; mso-background-themetint: 51; padding: 0cm 0cm 0cm 0cm; height: 148.95pt;\" valign=\"top\" width=\"50%\">\n<p class=\"MsoNormal\" style=\"mso-pagination: none; background: #191468; mso-layout-grid-align: none; text-autospace: none; mso-element: frame; mso-element-frame-hspace: 7.05pt; mso-element-wrap: around; mso-element-anchor-vertical: paragraph; mso-element-anchor-horizontal: column; mso-element-left: center; mso-element-top: .05pt; mso-height-rule: exactly; margin: 6.0pt 8.55pt 2.0pt 7.35pt;\"><b><span style=\"font-size: 14.0pt; mso-bidi-font-size: 9.0pt; line-height: 115%; font-family: 'Arial Narrow',sans-serif; color: white; mso-themecolor: background1; mso-fareast-language: ES-MX;\"><img data-recalc-dims=\"1\" decoding=\"async\" src=\"https:\/\/i0.wp.com\/barradecomercio.org\/noticomext\/IVA_forwarders_comisionistas\/IVA_Forwarders_comisionistas_archivos\/image004.jpg?w=3840&#038;ssl=1\" \/>\u00a0 B1<\/span><\/b><b><span style=\"font-size: 9.0pt; line-height: 115%; font-family: 'Arial Narrow',sans-serif; color: white; mso-themecolor: background1; mso-fareast-language: ES-MX;\">. MAR\u00cdTIMO DE EXPORTACI\u00d3N<\/span><\/b><span style=\"font-size: 9.0pt; line-height: 115%; font-family: 'Arial Narrow',sans-serif; color: white; mso-themecolor: background1; mso-fareast-language: ES-MX; mso-bidi-font-weight: bold;\">.<\/span><\/p>\n<p class=\"MsoNormal\" style=\"mso-pagination: none; background: #8496B0; mso-background-themecolor: text2; mso-background-themetint: 153; mso-layout-grid-align: none; text-autospace: none; mso-element: frame; mso-element-frame-hspace: 7.05pt; mso-element-wrap: around; mso-element-anchor-vertical: paragraph; mso-element-anchor-horizontal: column; mso-element-left: center; mso-element-top: .05pt; mso-height-rule: exactly; margin: 0cm 8.55pt 2.0pt 7.35pt;\"><b><span style=\"font-size: 9.0pt; line-height: 115%; font-family: 'Arial Narrow',sans-serif; color: white; mso-themecolor: background1; mso-fareast-language: ES-MX;\"><img data-recalc-dims=\"1\" decoding=\"async\" src=\"https:\/\/i0.wp.com\/barradecomercio.org\/noticomext\/IVA_forwarders_comisionistas\/IVA_Forwarders_comisionistas_archivos\/image007.jpg?w=3840&#038;ssl=1\" \/>\u00a0 \u00a0PORTEADORA EXTRANJERA.<\/span><\/b><\/p>\n<p class=\"MsoNormal\" style=\"mso-pagination: none; background: #9CC2E5; mso-background-themecolor: accent1; mso-background-themetint: 153; mso-layout-grid-align: none; text-autospace: none; mso-element: frame; mso-element-frame-hspace: 7.05pt; mso-element-wrap: around; mso-element-anchor-vertical: paragraph; mso-element-anchor-horizontal: column; mso-element-left: center; mso-element-top: .05pt; mso-height-rule: exactly; margin: 0cm 8.55pt 2.0pt 7.35pt;\"><img data-recalc-dims=\"1\" decoding=\"async\" src=\"https:\/\/i0.wp.com\/barradecomercio.org\/noticomext\/IVA_forwarders_comisionistas\/IVA_Forwarders_comisionistas_archivos\/image004.jpg?w=3840&#038;ssl=1\" \/>\u00a0 \u00a0<b><span style=\"font-size: 9.0pt; line-height: 115%; font-family: 'Arial Narrow',sans-serif; color: white; mso-themecolor: background1; mso-fareast-language: ES-MX;\">AGENTE DE CARGA <\/span><\/b><span style=\"font-size: 9.0pt; line-height: 115%; font-family: 'Arial Narrow',sans-serif; color: white; mso-themecolor: background1; mso-fareast-language: ES-MX; mso-bidi-font-weight: bold;\">(Comisionista).<b><\/b><\/span><\/p>\n<ul>\n<li class=\"MsoListParagraph\" style=\"text-indent: -7.95pt; line-height: normal;\"><span style=\"font-size: 9pt; font-family: 'Arial Narrow', sans-serif; color: #000000;\">\u00a0 \u00a0 IVA: <b>Exento<\/b> al total del flete internacional al flete de exportaci\u00f3n de empresa <b>PORTEADORA EXTRANJERA<\/b>.<\/span><\/li>\n<li class=\"MsoListParagraph\" style=\"text-indent: -9.25pt; line-height: normal;\"><span style=\"font-size: 9pt; font-family: 'Arial Narrow', sans-serif; color: #000000;\">\u00a0 \u00a0 \u00a0IVA: <b>TASA 0%<\/b> a los servicios portuarios de carga, descarga, alijo, almacenaje, custodia, estiba y acarreo dentro de los puertos e instalaciones portuarias, siempre que se presten en maniobras para la exportaci\u00f3n de mercanc\u00edas.<\/span><\/li>\n<\/ul>\n<\/td>\n<td style=\"width: 50.0%; border-top: none; border-left: none; border-bottom: solid white 3.0pt; mso-border-bottom-themecolor: background1; border-right: solid white 3.0pt; mso-border-right-themecolor: background1; mso-border-top-alt: solid white 3.0pt; mso-border-top-themecolor: background1; mso-border-left-alt: solid white 3.0pt; mso-border-left-themecolor: background1; background: #99FF99; padding: 0cm 0cm 0cm 0cm; height: 148.95pt;\" valign=\"top\" width=\"50%\">\n<p class=\"MsoNormal\" style=\"mso-pagination: none; background: #006600; mso-layout-grid-align: none; text-autospace: none; mso-element: frame; mso-element-frame-hspace: 7.05pt; mso-element-wrap: around; mso-element-anchor-vertical: paragraph; mso-element-anchor-horizontal: column; mso-element-left: center; mso-element-top: .05pt; mso-height-rule: exactly; margin: 6.0pt 8.55pt 2.0pt 7.35pt;\"><img data-recalc-dims=\"1\" decoding=\"async\" src=\"https:\/\/i0.wp.com\/barradecomercio.org\/noticomext\/IVA_forwarders_comisionistas\/IVA_Forwarders_comisionistas_archivos\/image004.jpg?w=3840&#038;ssl=1\" \/>\u00a0 \u00a0<b><span style=\"font-size: 14.0pt; mso-bidi-font-size: 9.0pt; line-height: 115%; font-family: 'Arial Narrow',sans-serif; color: white; mso-themecolor: background1; mso-fareast-language: ES-MX;\">B2<\/span><\/b><b><span style=\"font-size: 9.0pt; line-height: 115%; font-family: 'Arial Narrow',sans-serif; color: white; mso-themecolor: background1; mso-fareast-language: ES-MX;\">. MAR\u00cdTIMO DE IMPORTACI\u00d3N.<\/span><\/b><\/p>\n<p class=\"MsoNormal\" style=\"mso-pagination: none; background: #00B050; mso-layout-grid-align: none; text-autospace: none; mso-element: frame; mso-element-frame-hspace: 7.05pt; mso-element-wrap: around; mso-element-anchor-vertical: paragraph; mso-element-anchor-horizontal: column; mso-element-left: center; mso-element-top: .05pt; mso-height-rule: exactly; margin: 0cm 8.55pt 2.0pt 7.35pt;\"><img data-recalc-dims=\"1\" decoding=\"async\" src=\"https:\/\/i0.wp.com\/barradecomercio.org\/noticomext\/IVA_forwarders_comisionistas\/IVA_Forwarders_comisionistas_archivos\/image007.jpg?w=3840&#038;ssl=1\" \/>\u00a0 \u00a0<b><span style=\"font-size: 9.0pt; line-height: 115%; font-family: 'Arial Narrow',sans-serif; color: white; mso-themecolor: background1; mso-fareast-language: ES-MX;\">PORTEADORA EXTRANJERA.<\/span><\/b><\/p>\n<p class=\"MsoNormal\" style=\"mso-pagination: none; background: #92D050; mso-layout-grid-align: none; text-autospace: none; mso-element: frame; mso-element-frame-hspace: 7.05pt; mso-element-wrap: around; mso-element-anchor-vertical: paragraph; mso-element-anchor-horizontal: column; mso-element-left: center; mso-element-top: .05pt; mso-height-rule: exactly; margin: 0cm 8.55pt 2.0pt 7.35pt;\"><img data-recalc-dims=\"1\" decoding=\"async\" src=\"https:\/\/i0.wp.com\/barradecomercio.org\/noticomext\/IVA_forwarders_comisionistas\/IVA_Forwarders_comisionistas_archivos\/image004.jpg?w=3840&#038;ssl=1\" \/>\u00a0 \u00a0<b><span style=\"font-size: 9.0pt; line-height: 115%; font-family: 'Arial Narrow',sans-serif; color: white; mso-themecolor: background1; mso-fareast-language: ES-MX;\">AGENTE DE CARGA <\/span><\/b><span style=\"font-size: 9.0pt; line-height: 115%; font-family: 'Arial Narrow',sans-serif; color: white; mso-themecolor: background1; mso-fareast-language: ES-MX; mso-bidi-font-weight: bold;\">(Comisionista).<b><\/b><\/span><\/p>\n<ul>\n<li class=\"MsoListParagraph\" style=\"text-indent: -7.95pt; line-height: normal;\"><span style=\"color: #000000;\"><span style=\"font-size: 9.0pt; font-family: 'Arial Narrow',sans-serif; mso-fareast-language: ES-MX; mso-bidi-font-weight: bold;\">\u00a0 \u00a0<\/span><span style=\"font-size: 9.0pt; font-family: 'Arial Narrow',sans-serif; mso-fareast-language: ES-MX; mso-bidi-font-weight: bold;\">IVA: <b>Exento<\/b> al total del flete internacional al flete de importaci\u00f3n de empresa <b>PORTEADORA EXTRANJERA<\/b>.<\/span><\/span><\/li>\n<li class=\"MsoListParagraph\" style=\"text-indent: -9.25pt; line-height: normal;\"><span style=\"color: #000000;\"><span style=\"font-size: 9.0pt; font-family: 'Arial Narrow',sans-serif; mso-fareast-language: ES-MX; mso-bidi-font-weight: bold;\">\u00a0 \u00a0<\/span><span style=\"font-size: 9.0pt; font-family: 'Arial Narrow',sans-serif; mso-fareast-language: ES-MX; mso-bidi-font-weight: bold;\">IVA: <b>TASA 16%<\/b> a los servicios portuarios de carga, descarga, alijo, almacenaje, custodia, estiba y acarreo dentro de los puertos e instalaciones portuarias.<\/span><\/span><\/li>\n<\/ul>\n<\/td>\n<\/tr>\n<tr style=\"mso-yfti-irow: 3; height: 121.1pt;\">\n<td style=\"width: 50.0%; border: solid white 3.0pt; mso-border-themecolor: background1; border-top: none; mso-border-top-alt: solid white 3.0pt; mso-border-top-themecolor: background1; background: #D9E2F3; mso-background-themecolor: accent5; mso-background-themetint: 51; padding: 0cm 0cm 0cm 0cm; height: 121.1pt;\" valign=\"top\" width=\"50%\">\n<p class=\"MsoNormal\" style=\"mso-pagination: none; background: #191468; mso-layout-grid-align: none; text-autospace: none; mso-element: frame; mso-element-frame-hspace: 7.05pt; mso-element-wrap: around; mso-element-anchor-vertical: paragraph; mso-element-anchor-horizontal: column; mso-element-left: center; mso-element-top: .05pt; mso-height-rule: exactly; margin: 6.0pt 8.55pt 2.0pt 7.35pt;\"><b><span style=\"font-size: 14pt; line-height: 115%; font-family: 'Arial Narrow', sans-serif; color: white;\"><img data-recalc-dims=\"1\" decoding=\"async\" src=\"https:\/\/i0.wp.com\/barradecomercio.org\/noticomext\/IVA_forwarders_comisionistas\/IVA_Forwarders_comisionistas_archivos\/image010.png?w=3840&#038;ssl=1\" \/>\u00a0 C1. <\/span><\/b><b><span style=\"font-size: 9pt; line-height: 115%; font-family: 'Arial Narrow', sans-serif; color: white;\">A\u00c9REO DE EXPORTACI\u00d3N.<\/span><\/b><\/p>\n<p class=\"MsoNormal\" style=\"mso-pagination: none; background: #8496B0; mso-background-themecolor: text2; mso-background-themetint: 153; mso-layout-grid-align: none; text-autospace: none; mso-element: frame; mso-element-frame-hspace: 7.05pt; mso-element-wrap: around; mso-element-anchor-vertical: paragraph; mso-element-anchor-horizontal: column; mso-element-left: center; mso-element-top: .05pt; mso-height-rule: exactly; margin: 0cm 8.55pt 2.0pt 7.35pt;\"><img data-recalc-dims=\"1\" decoding=\"async\" src=\"https:\/\/i0.wp.com\/barradecomercio.org\/noticomext\/IVA_forwarders_comisionistas\/IVA_Forwarders_comisionistas_archivos\/image004.jpg?w=3840&#038;ssl=1\" \/>\u00a0 \u00a0<b><span style=\"font-size: 9.0pt; line-height: 115%; font-family: 'Arial Narrow',sans-serif; color: white; mso-themecolor: background1; mso-fareast-language: ES-MX;\">PORTEADORA NACIONAL.<\/span><\/b><\/p>\n<p class=\"MsoNormal\" style=\"mso-pagination: none; background: #9CC2E5; mso-background-themecolor: accent1; mso-background-themetint: 153; mso-layout-grid-align: none; text-autospace: none; mso-element: frame; mso-element-frame-hspace: 7.05pt; mso-element-wrap: around; mso-element-anchor-vertical: paragraph; mso-element-anchor-horizontal: column; mso-element-left: center; mso-element-top: .05pt; mso-height-rule: exactly; margin: 0cm 8.55pt 2.0pt 7.35pt;\"><img data-recalc-dims=\"1\" decoding=\"async\" src=\"https:\/\/i0.wp.com\/barradecomercio.org\/noticomext\/IVA_forwarders_comisionistas\/IVA_Forwarders_comisionistas_archivos\/image004.jpg?w=3840&#038;ssl=1\" \/>\u00a0 \u00a0<b><span style=\"font-size: 9.0pt; line-height: 115%; font-family: 'Arial Narrow',sans-serif; color: white; mso-themecolor: background1; mso-fareast-language: ES-MX;\">AGENTE DE CARGA <\/span><\/b><span style=\"font-size: 9.0pt; line-height: 115%; font-family: 'Arial Narrow',sans-serif; color: white; mso-themecolor: background1; mso-fareast-language: ES-MX; mso-bidi-font-weight: bold;\">(Comisionista). <b><\/b><\/span><\/p>\n<ul>\n<li class=\"MsoListParagraph\" style=\"text-indent: -7.95pt; line-height: normal;\"><span style=\"color: #000000;\"><span style=\"font-size: 9.0pt; font-family: 'Arial Narrow',sans-serif; mso-fareast-language: ES-MX; mso-bidi-font-weight: bold;\">\u00a0 \u00a0<\/span><span style=\"font-size: 9.0pt; font-family: 'Arial Narrow',sans-serif; mso-fareast-language: ES-MX; mso-bidi-font-weight: bold;\">IVA: <b>Tasa 16%<\/b> sobre 1\/4 del flete (nacional) a la exportaci\u00f3n.<\/span><\/span><\/li>\n<li class=\"MsoListParagraph\" style=\"text-indent: -7.95pt; line-height: normal;\"><span style=\"font-size: 9pt; font-family: 'Arial Narrow', sans-serif; color: #000000;\">\u00a0 \u00a0<\/span><span style=\"font-size: 9.0pt; font-family: 'Arial Narrow',sans-serif; mso-fareast-language: ES-MX; mso-bidi-font-weight: bold;\"><span style=\"color: #000000;\">IVA: <b>Tasa 0%<\/b> sobre 3\/4 del flete (extranjero) a la exportaci\u00f3n<\/span>.<\/span><\/li>\n<\/ul>\n<\/td>\n<td style=\"width: 50.0%; border-top: none; border-left: none; border-bottom: solid white 3.0pt; mso-border-bottom-themecolor: background1; border-right: solid white 3.0pt; mso-border-right-themecolor: background1; mso-border-top-alt: solid white 3.0pt; mso-border-top-themecolor: background1; mso-border-left-alt: solid white 3.0pt; mso-border-left-themecolor: background1; background: #99FF99; padding: 0cm 0cm 0cm 0cm; height: 121.1pt;\" valign=\"top\" width=\"50%\">\n<p class=\"MsoNormal\" style=\"mso-pagination: none; background: #006600; mso-layout-grid-align: none; text-autospace: none; mso-element: frame; mso-element-frame-hspace: 7.05pt; mso-element-wrap: around; mso-element-anchor-vertical: paragraph; mso-element-anchor-horizontal: column; mso-element-left: center; mso-element-top: .05pt; mso-height-rule: exactly; margin: 6.0pt 8.55pt 2.0pt 7.35pt;\"><b><span style=\"font-size: 14.0pt; mso-bidi-font-size: 9.0pt; line-height: 115%; font-family: 'Arial Narrow',sans-serif; color: white; mso-themecolor: background1; mso-fareast-language: ES-MX;\"><img data-recalc-dims=\"1\" decoding=\"async\" src=\"https:\/\/i0.wp.com\/barradecomercio.org\/noticomext\/IVA_forwarders_comisionistas\/IVA_Forwarders_comisionistas_archivos\/image010.png?w=3840&#038;ssl=1\" \/>\u00a0 C2. <\/span><\/b><b><span style=\"font-size: 9.0pt; line-height: 115%; font-family: 'Arial Narrow',sans-serif; color: white; mso-themecolor: background1; mso-fareast-language: ES-MX;\">A\u00c9REO DE IMPORTACI\u00d3N.<\/span><\/b><\/p>\n<p class=\"MsoNormal\" style=\"mso-pagination: none; background: #00B050; mso-layout-grid-align: none; text-autospace: none; mso-element: frame; mso-element-frame-hspace: 7.05pt; mso-element-wrap: around; mso-element-anchor-vertical: paragraph; mso-element-anchor-horizontal: column; mso-element-left: center; mso-element-top: .05pt; mso-height-rule: exactly; margin: 0cm 8.55pt 2.0pt 7.35pt;\"><img data-recalc-dims=\"1\" decoding=\"async\" src=\"https:\/\/i0.wp.com\/barradecomercio.org\/noticomext\/IVA_forwarders_comisionistas\/IVA_Forwarders_comisionistas_archivos\/image004.jpg?w=3840&#038;ssl=1\" \/>\u00a0 \u00a0<b><span style=\"font-size: 9.0pt; line-height: 115%; font-family: 'Arial Narrow',sans-serif; color: white; mso-themecolor: background1; mso-fareast-language: ES-MX;\">PORTEADORA NACIONAL. <\/span><\/b><\/p>\n<p class=\"MsoNormal\" style=\"mso-pagination: none; background: #92D050; mso-layout-grid-align: none; text-autospace: none; mso-element: frame; mso-element-frame-hspace: 7.05pt; mso-element-wrap: around; mso-element-anchor-vertical: paragraph; mso-element-anchor-horizontal: column; mso-element-left: center; mso-element-top: .05pt; mso-height-rule: exactly; margin: 0cm 8.55pt 2.0pt 7.35pt;\"><img data-recalc-dims=\"1\" decoding=\"async\" src=\"https:\/\/i0.wp.com\/barradecomercio.org\/noticomext\/IVA_forwarders_comisionistas\/IVA_Forwarders_comisionistas_archivos\/image004.jpg?w=3840&#038;ssl=1\" \/>\u00a0 \u00a0<b><span style=\"font-size: 9.0pt; line-height: 115%; font-family: 'Arial Narrow',sans-serif; color: white; mso-themecolor: background1; mso-fareast-language: ES-MX;\">AGENTE DE CARGA <\/span><\/b><span style=\"font-size: 9.0pt; line-height: 115%; font-family: 'Arial Narrow',sans-serif; color: white; mso-themecolor: background1; mso-fareast-language: ES-MX; mso-bidi-font-weight: bold;\">(Comisionista).<b><\/b><\/span><\/p>\n<ul>\n<li class=\"MsoListParagraph\" style=\"text-indent: -7.95pt; line-height: normal;\"><span style=\"color: #000000;\"><span style=\"font-size: 9.0pt; font-family: 'Arial Narrow',sans-serif; mso-fareast-language: ES-MX; mso-bidi-font-weight: bold;\">\u00a0 \u00a0<\/span><span style=\"font-size: 9.0pt; font-family: 'Arial Narrow',sans-serif; mso-fareast-language: ES-MX; mso-bidi-font-weight: bold;\">IVA: <b>Tasa 16%<\/b> sobre 1\/4 del flete (nacional) a la importaci\u00f3n.<\/span><\/span><\/li>\n<li class=\"MsoListParagraph\" style=\"text-indent: -7.95pt; line-height: normal;\"><span style=\"color: #000000;\"><span style=\"font-size: 9.0pt; font-family: 'Arial Narrow',sans-serif; mso-fareast-language: ES-MX; mso-bidi-font-weight: bold;\">\u00a0 \u00a0<\/span><span style=\"font-size: 9.0pt; font-family: 'Arial Narrow',sans-serif; mso-fareast-language: ES-MX; mso-bidi-font-weight: bold;\">IVA: <b>no sujeto al impuesto<\/b> sobre 3\/4 del flete (internacional) a la importaci\u00f3n.<\/span><\/span><\/li>\n<\/ul>\n<\/td>\n<\/tr>\n<tr style=\"mso-yfti-irow: 4; height: 42.5pt;\">\n<td style=\"width: 50.0%; border: solid white 3.0pt; mso-border-themecolor: background1; border-top: none; mso-border-top-alt: solid white 3.0pt; mso-border-top-themecolor: background1; background: #D9E2F3; mso-background-themecolor: accent5; mso-background-themetint: 51; padding: 0cm 0cm 0cm 0cm; height: 42.5pt;\" valign=\"top\" width=\"50%\">\n<p class=\"MsoNormal\" style=\"mso-pagination: none; background: #191468; mso-layout-grid-align: none; text-autospace: none; mso-element: frame; mso-element-frame-hspace: 7.05pt; mso-element-wrap: around; mso-element-anchor-vertical: paragraph; mso-element-anchor-horizontal: column; mso-element-left: center; mso-element-top: .05pt; mso-height-rule: exactly; margin: 6.0pt 8.55pt 2.0pt 7.35pt;\"><b><span style=\"font-size: 14.0pt; mso-bidi-font-size: 9.0pt; line-height: 115%; font-family: 'Arial Narrow',sans-serif; color: white; mso-themecolor: background1; mso-fareast-language: ES-MX;\"><img data-recalc-dims=\"1\" decoding=\"async\" src=\"https:\/\/i0.wp.com\/barradecomercio.org\/noticomext\/IVA_forwarders_comisionistas\/IVA_Forwarders_comisionistas_archivos\/image010.png?w=3840&#038;ssl=1\" \/>\u00a0 D1.<\/span><\/b><b> <\/b><b><span style=\"font-size: 9.0pt; line-height: 115%; font-family: 'Arial Narrow',sans-serif; color: white; mso-themecolor: background1; mso-fareast-language: ES-MX;\">A\u00c9REO DE EXPORTACI\u00d3N.<\/span><\/b><\/p>\n<p class=\"MsoNormal\" style=\"mso-pagination: none; background: #8496B0; mso-background-themecolor: text2; mso-background-themetint: 153; mso-layout-grid-align: none; text-autospace: none; mso-element: frame; mso-element-frame-hspace: 7.05pt; mso-element-wrap: around; mso-element-anchor-vertical: paragraph; mso-element-anchor-horizontal: column; mso-element-left: center; mso-element-top: .05pt; mso-height-rule: exactly; margin: 0cm 8.55pt 2.0pt 7.35pt;\"><img data-recalc-dims=\"1\" decoding=\"async\" src=\"https:\/\/i0.wp.com\/barradecomercio.org\/noticomext\/IVA_forwarders_comisionistas\/IVA_Forwarders_comisionistas_archivos\/image007.jpg?w=3840&#038;ssl=1\" \/> \u00a0 <b><span style=\"font-size: 9.0pt; line-height: 115%; font-family: 'Arial Narrow',sans-serif; color: white; mso-themecolor: background1; mso-fareast-language: ES-MX;\">PORTEADORA EXTRANJERA.<\/span><\/b><\/p>\n<p class=\"MsoNormal\" style=\"mso-pagination: none; background: #9CC2E5; mso-background-themecolor: accent1; mso-background-themetint: 153; mso-layout-grid-align: none; text-autospace: none; mso-element: frame; mso-element-frame-hspace: 7.05pt; mso-element-wrap: around; mso-element-anchor-vertical: paragraph; mso-element-anchor-horizontal: column; mso-element-left: center; mso-element-top: .05pt; mso-height-rule: exactly; margin: 0cm 8.55pt 2.0pt 7.35pt;\"><img data-recalc-dims=\"1\" decoding=\"async\" src=\"https:\/\/i0.wp.com\/barradecomercio.org\/noticomext\/IVA_forwarders_comisionistas\/IVA_Forwarders_comisionistas_archivos\/image004.jpg?w=3840&#038;ssl=1\" \/> \u00a0 <b><span style=\"font-size: 9.0pt; line-height: 115%; font-family: 'Arial Narrow',sans-serif; color: white; mso-themecolor: background1; mso-fareast-language: ES-MX;\">AGENTE DE CARGA <\/span><\/b><span style=\"font-size: 9.0pt; line-height: 115%; font-family: 'Arial Narrow',sans-serif; color: white; mso-themecolor: background1; mso-fareast-language: ES-MX; mso-bidi-font-weight: bold;\">(Comisionista).<b><\/b><\/span><\/p>\n<ul>\n<li class=\"MsoListParagraph\" style=\"text-indent: -7.95pt; line-height: normal;\"><span style=\"color: #000000;\"><span style=\"font-size: 9.0pt; font-family: 'Arial Narrow',sans-serif; mso-fareast-language: ES-MX; mso-bidi-font-weight: bold;\">\u00a0 \u00a0<\/span><span style=\"font-size: 9.0pt; font-family: 'Arial Narrow',sans-serif; mso-fareast-language: ES-MX; mso-bidi-font-weight: bold;\">IVA: <b>Tasa 16%<\/b> sobre 1\/4 del flete (nacional) a la exportaci\u00f3n.<\/span><\/span><\/li>\n<li class=\"MsoListParagraph\" style=\"text-indent: -7.95pt; line-height: normal;\"><span style=\"color: #000000;\"><span style=\"font-size: 9.0pt; font-family: 'Arial Narrow',sans-serif; mso-fareast-language: ES-MX; mso-bidi-font-weight: bold;\">\u00a0 \u00a0<\/span><span style=\"font-size: 9.0pt; font-family: 'Arial Narrow',sans-serif; mso-fareast-language: ES-MX; mso-bidi-font-weight: bold;\">IVA: <b>Tasa 0%<\/b> sobre 3\/4 del flete (extranjero) a la exportaci\u00f3n.<\/span><\/span><\/li>\n<\/ul>\n<p>&nbsp;<\/td>\n<td style=\"width: 50.0%; border-top: none; border-left: none; border-bottom: solid white 3.0pt; mso-border-bottom-themecolor: background1; border-right: solid white 3.0pt; mso-border-right-themecolor: background1; mso-border-top-alt: solid white 3.0pt; mso-border-top-themecolor: background1; mso-border-left-alt: solid white 3.0pt; mso-border-left-themecolor: background1; background: #99FF99; padding: 0cm 0cm 0cm 0cm; height: 42.5pt;\" valign=\"top\" width=\"50%\">\n<p class=\"MsoNormal\" style=\"mso-pagination: none; background: #006600; mso-layout-grid-align: none; text-autospace: none; mso-element: frame; mso-element-frame-hspace: 7.05pt; mso-element-wrap: around; mso-element-anchor-vertical: paragraph; mso-element-anchor-horizontal: column; mso-element-left: center; mso-element-top: .05pt; mso-height-rule: exactly; margin: 6.0pt 8.55pt 2.0pt 7.35pt;\"><b><span style=\"font-size: 14.0pt; mso-bidi-font-size: 9.0pt; line-height: 115%; font-family: 'Arial Narrow',sans-serif; color: white; mso-themecolor: background1; mso-fareast-language: ES-MX;\"><img data-recalc-dims=\"1\" decoding=\"async\" src=\"https:\/\/i0.wp.com\/barradecomercio.org\/noticomext\/IVA_forwarders_comisionistas\/IVA_Forwarders_comisionistas_archivos\/image010.png?w=3840&#038;ssl=1\" \/>\u00a0 D2. <\/span><\/b><b><span style=\"font-size: 9.0pt; line-height: 115%; font-family: 'Arial Narrow',sans-serif; color: white; mso-themecolor: background1; mso-fareast-language: ES-MX;\">A\u00c9REO DE IMPORTACI\u00d3N.<\/span><\/b><\/p>\n<p class=\"MsoNormal\" style=\"mso-pagination: none; background: #00B050; mso-layout-grid-align: none; text-autospace: none; mso-element: frame; mso-element-frame-hspace: 7.05pt; mso-element-wrap: around; mso-element-anchor-vertical: paragraph; mso-element-anchor-horizontal: column; mso-element-left: center; mso-element-top: .05pt; mso-height-rule: exactly; margin: 0cm 8.55pt 2.0pt 7.35pt;\"><b><span style=\"font-size: 9.0pt; line-height: 115%; font-family: 'Arial Narrow',sans-serif; color: white; mso-themecolor: background1; mso-fareast-language: ES-MX;\"><img data-recalc-dims=\"1\" decoding=\"async\" src=\"https:\/\/i0.wp.com\/barradecomercio.org\/noticomext\/IVA_forwarders_comisionistas\/IVA_Forwarders_comisionistas_archivos\/image007.jpg?w=3840&#038;ssl=1\" \/>\u00a0 PORTEADORA EXTRANJERA.<\/span><\/b><\/p>\n<p class=\"MsoNormal\" style=\"mso-pagination: none; background: #92D050; mso-layout-grid-align: none; text-autospace: none; mso-element: frame; mso-element-frame-hspace: 7.05pt; mso-element-wrap: around; mso-element-anchor-vertical: paragraph; mso-element-anchor-horizontal: column; mso-element-left: center; mso-element-top: .05pt; mso-height-rule: exactly; margin: 0cm 8.55pt 2.0pt 7.35pt;\"><img data-recalc-dims=\"1\" decoding=\"async\" src=\"https:\/\/i0.wp.com\/barradecomercio.org\/noticomext\/IVA_forwarders_comisionistas\/IVA_Forwarders_comisionistas_archivos\/image004.jpg?w=3840&#038;ssl=1\" \/> \u00a0 <b><span style=\"font-size: 9.0pt; line-height: 115%; font-family: 'Arial Narrow',sans-serif; color: white; mso-themecolor: background1; mso-fareast-language: ES-MX;\">AGENTE DE CARGA <\/span><\/b><span style=\"font-size: 9.0pt; line-height: 115%; font-family: 'Arial Narrow',sans-serif; color: white; mso-themecolor: background1; mso-fareast-language: ES-MX; mso-bidi-font-weight: bold;\">(Comisionista).<b><\/b><\/span><\/p>\n<ul>\n<li><span style=\"font-size: 9pt; font-family: 'Arial Narrow', sans-serif; color: #000000;\">IVA: <b>Exenta<\/b> sobre totalidad del flete (extranjero) a la importaci\u00f3n.<\/span><\/li>\n<\/ul>\n<\/td>\n<\/tr>\n<tr style=\"mso-yfti-irow: 5; height: 42.5pt;\">\n<td style=\"width: 50.0%; border: solid white 3.0pt; mso-border-themecolor: background1; border-top: none; mso-border-top-alt: solid white 3.0pt; mso-border-top-themecolor: background1; background: #D9E2F3; mso-background-themecolor: accent5; mso-background-themetint: 51; padding: 0cm 0cm 0cm 0cm; height: 42.5pt;\" valign=\"top\" width=\"50%\">\n<p class=\"MsoNormal\" style=\"mso-pagination: none; background: #191468; mso-layout-grid-align: none; text-autospace: none; mso-element: frame; mso-element-frame-hspace: 7.05pt; mso-element-wrap: around; mso-element-anchor-vertical: paragraph; mso-element-anchor-horizontal: column; mso-element-left: center; mso-element-top: .05pt; mso-height-rule: exactly; margin: 6.0pt 8.55pt 2.0pt 7.35pt;\"><img data-recalc-dims=\"1\" decoding=\"async\" src=\"https:\/\/i0.wp.com\/barradecomercio.org\/noticomext\/IVA_forwarders_comisionistas\/IVA_Forwarders_comisionistas_archivos\/image013.png?w=3840&#038;ssl=1\" \/> \u00a0 <b><span style=\"font-size: 14.0pt; mso-bidi-font-size: 9.0pt; line-height: 115%; font-family: 'Arial Narrow',sans-serif; color: white; mso-themecolor: background1; mso-fareast-language: ES-MX;\">E1. <\/span><\/b><b><span style=\"font-size: 9.0pt; line-height: 115%; font-family: 'Arial Narrow',sans-serif; color: white; mso-themecolor: background1; mso-fareast-language: ES-MX;\">TERRESTRE DE EXPORTACI\u00d3N<\/span><\/b><span style=\"font-size: 9.0pt; line-height: 115%; font-family: 'Arial Narrow',sans-serif; color: white; mso-themecolor: background1; mso-fareast-language: ES-MX; mso-bidi-font-weight: bold;\">.<\/span><\/p>\n<p class=\"MsoNormal\" style=\"mso-pagination: none; background: #8496B0; mso-background-themecolor: text2; mso-background-themetint: 153; mso-layout-grid-align: none; text-autospace: none; mso-element: frame; mso-element-frame-hspace: 7.05pt; mso-element-wrap: around; mso-element-anchor-vertical: paragraph; mso-element-anchor-horizontal: column; mso-element-left: center; mso-element-top: .05pt; mso-height-rule: exactly; margin: 0cm 8.55pt 2.0pt 7.35pt;\"><img data-recalc-dims=\"1\" decoding=\"async\" src=\"https:\/\/i0.wp.com\/barradecomercio.org\/noticomext\/IVA_forwarders_comisionistas\/IVA_Forwarders_comisionistas_archivos\/image004.jpg?w=3840&#038;ssl=1\" \/>\u00a0 \u00a0<b><span style=\"font-size: 9.0pt; line-height: 115%; font-family: 'Arial Narrow',sans-serif; color: white; mso-themecolor: background1; mso-fareast-language: ES-MX;\">PORTEADORA NACIONAL. <\/span><\/b><\/p>\n<p class=\"MsoNormal\" style=\"mso-pagination: none; background: #9CC2E5; mso-background-themecolor: accent1; mso-background-themetint: 153; mso-layout-grid-align: none; text-autospace: none; mso-element: frame; mso-element-frame-hspace: 7.05pt; mso-element-wrap: around; mso-element-anchor-vertical: paragraph; mso-element-anchor-horizontal: column; mso-element-left: center; mso-element-top: .05pt; mso-height-rule: exactly; margin: 0cm 8.55pt 2.0pt 7.35pt;\"><img data-recalc-dims=\"1\" decoding=\"async\" src=\"https:\/\/i0.wp.com\/barradecomercio.org\/noticomext\/IVA_forwarders_comisionistas\/IVA_Forwarders_comisionistas_archivos\/image004.jpg?w=3840&#038;ssl=1\" \/>\u00a0 \u00a0 <b><span style=\"font-size: 9.0pt; line-height: 115%; font-family: 'Arial Narrow',sans-serif; color: white; mso-themecolor: background1; mso-fareast-language: ES-MX;\">AGENTE DE CARGA <\/span><\/b><span style=\"font-size: 9.0pt; line-height: 115%; font-family: 'Arial Narrow',sans-serif; color: white; mso-themecolor: background1; mso-fareast-language: ES-MX; mso-bidi-font-weight: bold;\">(Comisionista).<b><\/b><\/span><\/p>\n<ul>\n<li class=\"MsoListParagraph\" style=\"text-indent: -7.95pt; line-height: normal;\"><span style=\"color: #000000;\"><span style=\"font-size: 9.0pt; font-family: 'Arial Narrow',sans-serif; mso-fareast-language: ES-MX; mso-bidi-font-weight: bold;\">\u00a0 \u00a0<\/span><span style=\"font-size: 9.0pt; font-family: 'Arial Narrow',sans-serif; mso-fareast-language: ES-MX; mso-bidi-font-weight: bold;\">IVA: <b>TASA 0%<\/b> al total del flete de exportaci\u00f3n de M\u00e9xico.<\/span><\/span><\/li>\n<li class=\"MsoListParagraph\" style=\"text-indent: -7.95pt; line-height: normal;\"><span style=\"color: #000000;\"><span style=\"font-size: 9.0pt; font-family: 'Arial Narrow',sans-serif; mso-fareast-language: ES-MX; mso-bidi-font-weight: bold;\">\u00a0 \u00a0<\/span><span style=\"font-size: 9.0pt; font-family: 'Arial Narrow',sans-serif; mso-fareast-language: ES-MX; mso-bidi-font-weight: bold;\">IVA: <b>Tasa 16%<\/b> del servicios intermodales prestados en territorio nacional.<\/span><\/span><\/li>\n<\/ul>\n<p class=\"MsoNormal\" style=\"line-height: normal; mso-pagination: none; mso-layout-grid-align: none; text-autospace: none; mso-element: frame; mso-element-frame-hspace: 7.05pt; mso-element-wrap: around; mso-element-anchor-vertical: paragraph; mso-element-anchor-horizontal: column; mso-element-left: center; mso-element-top: .05pt; mso-height-rule: exactly; margin: 6.0pt 8.55pt .0001pt 0cm;\">\n<\/td>\n<td style=\"width: 50.0%; border-top: none; border-left: none; border-bottom: solid white 3.0pt; mso-border-bottom-themecolor: background1; border-right: solid white 3.0pt; mso-border-right-themecolor: background1; mso-border-top-alt: solid white 3.0pt; mso-border-top-themecolor: background1; mso-border-left-alt: solid white 3.0pt; mso-border-left-themecolor: background1; background: #99FF99; padding: 0cm 0cm 0cm 0cm; height: 42.5pt;\" valign=\"top\" width=\"50%\">\n<p class=\"MsoNormal\" style=\"mso-pagination: none; background: #006600; mso-layout-grid-align: none; text-autospace: none; mso-element: frame; mso-element-frame-hspace: 7.05pt; mso-element-wrap: around; mso-element-anchor-vertical: paragraph; mso-element-anchor-horizontal: column; mso-element-left: center; mso-element-top: .05pt; mso-height-rule: exactly; margin: 6.0pt 8.55pt 2.0pt 7.35pt;\"><img data-recalc-dims=\"1\" decoding=\"async\" src=\"https:\/\/i0.wp.com\/barradecomercio.org\/noticomext\/IVA_forwarders_comisionistas\/IVA_Forwarders_comisionistas_archivos\/image013.png?w=3840&#038;ssl=1\" \/> \u00a0<b><span style=\"font-size: 14.0pt; mso-bidi-font-size: 9.0pt; line-height: 115%; font-family: 'Arial Narrow',sans-serif; color: white; mso-themecolor: background1; mso-fareast-language: ES-MX;\">E2. <\/span><\/b><b><span style=\"font-size: 9.0pt; line-height: 115%; font-family: 'Arial Narrow',sans-serif; color: white; mso-themecolor: background1; mso-fareast-language: ES-MX;\">TERRESTRE DE IMPORTACI\u00d3N.<\/span><\/b><\/p>\n<p class=\"MsoNormal\" style=\"mso-pagination: none; background: #00B050; mso-layout-grid-align: none; text-autospace: none; mso-element: frame; mso-element-frame-hspace: 7.05pt; mso-element-wrap: around; mso-element-anchor-vertical: paragraph; mso-element-anchor-horizontal: column; mso-element-left: center; mso-element-top: .05pt; mso-height-rule: exactly; margin: 0cm 8.55pt 2.0pt 7.35pt;\"><img data-recalc-dims=\"1\" decoding=\"async\" src=\"https:\/\/i0.wp.com\/barradecomercio.org\/noticomext\/IVA_forwarders_comisionistas\/IVA_Forwarders_comisionistas_archivos\/image004.jpg?w=3840&#038;ssl=1\" \/>\u00a0 \u00a0 <b><span style=\"font-size: 9.0pt; line-height: 115%; font-family: 'Arial Narrow',sans-serif; color: white; mso-themecolor: background1; mso-fareast-language: ES-MX;\">PORTEADORA NACIONAL.<\/span><\/b><\/p>\n<p class=\"MsoNormal\" style=\"mso-pagination: none; background: #92D050; mso-layout-grid-align: none; text-autospace: none; mso-element: frame; mso-element-frame-hspace: 7.05pt; mso-element-wrap: around; mso-element-anchor-vertical: paragraph; mso-element-anchor-horizontal: column; mso-element-left: center; mso-element-top: .05pt; mso-height-rule: exactly; margin: 0cm 8.55pt 2.0pt 7.35pt;\"><b><span style=\"font-size: 9.0pt; line-height: 115%; font-family: 'Arial Narrow',sans-serif; color: white; mso-themecolor: background1; mso-fareast-language: ES-MX;\"><img data-recalc-dims=\"1\" decoding=\"async\" src=\"https:\/\/i0.wp.com\/barradecomercio.org\/noticomext\/IVA_forwarders_comisionistas\/IVA_Forwarders_comisionistas_archivos\/image004.jpg?w=3840&#038;ssl=1\" \/>\u00a0 \u00a0AGENTE DE CARGA <\/span><\/b><span style=\"font-size: 9.0pt; line-height: 115%; font-family: 'Arial Narrow',sans-serif; color: white; mso-themecolor: background1; mso-fareast-language: ES-MX; mso-bidi-font-weight: bold;\">(Comisionista).<b><\/b><\/span><\/p>\n<ul>\n<li class=\"MsoListParagraph\" style=\"text-indent: -7.95pt; line-height: normal;\"><span style=\"color: #000000;\"><span style=\"font-size: 9.0pt; font-family: 'Arial Narrow',sans-serif; mso-fareast-language: ES-MX; mso-bidi-font-weight: bold;\">\u00a0 \u00a0<\/span><span style=\"font-size: 9.0pt; font-family: 'Arial Narrow',sans-serif; mso-fareast-language: ES-MX; mso-bidi-font-weight: bold;\">IVA: <b>no sujeta al impuesto<\/b> al total del flete internacional.<\/span><\/span><\/li>\n<li class=\"MsoListParagraph\" style=\"text-indent: -7.95pt; line-height: normal;\"><span style=\"color: #000000;\"><span style=\"font-size: 9.0pt; font-family: 'Arial Narrow',sans-serif; mso-fareast-language: ES-MX; mso-bidi-font-weight: bold;\">\u00a0 \u00a0<\/span><span style=\"font-size: 9.0pt; font-family: 'Arial Narrow',sans-serif; mso-fareast-language: ES-MX; mso-bidi-font-weight: bold;\">IVA: <b>Tasa 16%<\/b> del servicios intermodales prestados en territorio nacional.<\/span><\/span><\/li>\n<\/ul>\n<\/td>\n<\/tr>\n<tr style=\"mso-yfti-irow: 6; height: 42.5pt;\">\n<td style=\"width: 50.0%; border: solid white 3.0pt; mso-border-themecolor: background1; border-top: none; mso-border-top-alt: solid white 3.0pt; mso-border-top-themecolor: background1; background: #D9E2F3; mso-background-themecolor: accent5; mso-background-themetint: 51; padding: 0cm 0cm 0cm 0cm; height: 42.5pt;\" valign=\"top\" width=\"50%\">\n<p class=\"MsoNormal\" style=\"mso-pagination: none; background: #191468; mso-layout-grid-align: none; text-autospace: none; mso-element: frame; mso-element-frame-hspace: 7.05pt; mso-element-wrap: around; mso-element-anchor-vertical: paragraph; mso-element-anchor-horizontal: column; mso-element-left: center; mso-element-top: .05pt; mso-height-rule: exactly; margin: 6.0pt 8.55pt 2.0pt 7.35pt;\"><img data-recalc-dims=\"1\" decoding=\"async\" src=\"https:\/\/i0.wp.com\/barradecomercio.org\/noticomext\/IVA_forwarders_comisionistas\/IVA_Forwarders_comisionistas_archivos\/image013.png?w=3840&#038;ssl=1\" \/> \u00a0 <b><span style=\"font-size: 14.0pt; mso-bidi-font-size: 9.0pt; line-height: 115%; font-family: 'Arial Narrow',sans-serif; color: white; mso-themecolor: background1; mso-fareast-language: ES-MX;\">F1<\/span><\/b><b><span style=\"font-size: 9.0pt; line-height: 115%; font-family: 'Arial Narrow',sans-serif; color: white; mso-themecolor: background1; mso-fareast-language: ES-MX;\">. TERRESTRE DE EXPORTACI\u00d3N<\/span><\/b><span style=\"font-size: 9.0pt; line-height: 115%; font-family: 'Arial Narrow',sans-serif; color: white; mso-themecolor: background1; mso-fareast-language: ES-MX; mso-bidi-font-weight: bold;\">.<\/span><\/p>\n<p class=\"MsoNormal\" style=\"mso-pagination: none; background: #8496B0; mso-background-themecolor: text2; mso-background-themetint: 153; mso-layout-grid-align: none; text-autospace: none; mso-element: frame; mso-element-frame-hspace: 7.05pt; mso-element-wrap: around; mso-element-anchor-vertical: paragraph; mso-element-anchor-horizontal: column; mso-element-left: center; mso-element-top: .05pt; mso-height-rule: exactly; margin: 0cm 8.55pt 2.0pt 7.35pt;\"><b><span style=\"font-size: 9.0pt; line-height: 115%; font-family: 'Arial Narrow',sans-serif; color: white; mso-themecolor: background1; mso-fareast-language: ES-MX;\"><img data-recalc-dims=\"1\" loading=\"lazy\" decoding=\"async\" src=\"https:\/\/i0.wp.com\/barradecomercio.org\/noticomext\/IVA_forwarders_comisionistas\/IVA_Forwarders_comisionistas_archivos\/image007.jpg?resize=23%2C15&#038;ssl=1\" width=\"23\" height=\"15\" \/>\u00a0 \u00a0PORTEADORA EXTRANJERA.<br \/>\n<\/span><\/b><\/p>\n<p class=\"MsoNormal\" style=\"mso-pagination: none; background: #9CC2E5; mso-background-themecolor: accent1; mso-background-themetint: 153; mso-layout-grid-align: none; text-autospace: none; mso-element: frame; mso-element-frame-hspace: 7.05pt; mso-element-wrap: around; mso-element-anchor-vertical: paragraph; mso-element-anchor-horizontal: column; mso-element-left: center; mso-element-top: .05pt; mso-height-rule: exactly; margin: 0cm 8.55pt 2.0pt 7.35pt;\"><b><span style=\"font-size: 9.0pt; line-height: 115%; font-family: 'Arial Narrow',sans-serif; color: white; mso-themecolor: background1; mso-fareast-language: ES-MX;\"><img data-recalc-dims=\"1\" loading=\"lazy\" decoding=\"async\" src=\"https:\/\/i0.wp.com\/barradecomercio.org\/noticomext\/IVA_forwarders_comisionistas\/IVA_Forwarders_comisionistas_archivos\/image004.jpg?resize=23%2C13&#038;ssl=1\" width=\"23\" height=\"13\" \/>\u00a0 \u00a0AGENTE DE CARGA <\/span><\/b><span style=\"font-size: 9.0pt; line-height: 115%; font-family: 'Arial Narrow',sans-serif; color: white; mso-themecolor: background1; mso-fareast-language: ES-MX; mso-bidi-font-weight: bold;\">(Comisionista).<b><\/b><\/span><\/p>\n<ul>\n<li class=\"MsoListParagraph\" style=\"text-indent: -7.95pt; line-height: normal;\"><span style=\"color: #000000;\"><span style=\"font-size: 9.0pt; font-family: 'Arial Narrow',sans-serif; mso-fareast-language: ES-MX; mso-bidi-font-weight: bold;\">\u00a0 \u00a0<\/span><span style=\"font-size: 9.0pt; font-family: 'Arial Narrow',sans-serif; mso-fareast-language: ES-MX; mso-bidi-font-weight: bold;\">IVA: <b>Exento<\/b> al total del flete internacional al flete de<br \/>\nexportaci\u00f3n de empresa <b>PORTEADORA<br \/>\nEXTRANJERA<\/b>.<\/span><\/span><\/li>\n<li class=\"MsoListParagraph\" style=\"text-indent: -7.95pt; line-height: normal;\"><span style=\"color: #000000;\"><span style=\"font-size: 9.0pt; font-family: 'Arial Narrow',sans-serif; mso-fareast-language: ES-MX; mso-bidi-font-weight: bold;\">\u00a0 \u00a0<\/span><span style=\"font-size: 9.0pt; font-family: 'Arial Narrow',sans-serif; mso-fareast-language: ES-MX; mso-bidi-font-weight: bold;\">IVA: <b>Tasa 16%<\/b> del servicios intermodales prestados en territorio nacional.<\/span><\/span><\/li>\n<\/ul>\n<\/td>\n<td style=\"width: 50.0%; border-top: none; border-left: none; border-bottom: solid white 3.0pt; mso-border-bottom-themecolor: background1; border-right: solid white 3.0pt; mso-border-right-themecolor: background1; mso-border-top-alt: solid white 3.0pt; mso-border-top-themecolor: background1; mso-border-left-alt: solid white 3.0pt; mso-border-left-themecolor: background1; background: #99FF99; padding: 0cm 0cm 0cm 0cm; height: 42.5pt;\" valign=\"top\" width=\"50%\">\n<p class=\"MsoNormal\" style=\"mso-pagination: none; background: #006600; mso-layout-grid-align: none; text-autospace: none; mso-element: frame; mso-element-frame-hspace: 7.05pt; mso-element-wrap: around; mso-element-anchor-vertical: paragraph; mso-element-anchor-horizontal: column; mso-element-left: center; mso-element-top: .05pt; mso-height-rule: exactly; margin: 6.0pt 8.55pt 2.0pt 7.35pt;\"><b><span style=\"font-size: 14.0pt; mso-bidi-font-size: 9.0pt; line-height: 115%; font-family: 'Arial Narrow',sans-serif; color: white; mso-themecolor: background1; mso-fareast-language: ES-MX;\"><img data-recalc-dims=\"1\" decoding=\"async\" src=\"https:\/\/i0.wp.com\/barradecomercio.org\/noticomext\/IVA_forwarders_comisionistas\/IVA_Forwarders_comisionistas_archivos\/image013.png?w=3840&#038;ssl=1\" \/>\u00a0 F2. <\/span><\/b><b><span style=\"font-size: 9.0pt; line-height: 115%; font-family: 'Arial Narrow',sans-serif; color: white; mso-themecolor: background1; mso-fareast-language: ES-MX;\">TERRESTRE DE IMPORTACI\u00d3N.<\/span><\/b><\/p>\n<p class=\"MsoNormal\" style=\"mso-pagination: none; background: #00B050; mso-layout-grid-align: none; text-autospace: none; mso-element: frame; mso-element-frame-hspace: 7.05pt; mso-element-wrap: around; mso-element-anchor-vertical: paragraph; mso-element-anchor-horizontal: column; mso-element-left: center; mso-element-top: .05pt; mso-height-rule: exactly; margin: 0cm 8.55pt 2.0pt 7.35pt;\"><img data-recalc-dims=\"1\" loading=\"lazy\" decoding=\"async\" src=\"https:\/\/i0.wp.com\/barradecomercio.org\/noticomext\/IVA_forwarders_comisionistas\/IVA_Forwarders_comisionistas_archivos\/image007.jpg?resize=23%2C15&#038;ssl=1\" width=\"23\" height=\"15\" \/>\u00a0\u00a0\u00a0\u00a0 <b><span style=\"font-size: 9.0pt; line-height: 115%; font-family: 'Arial Narrow',sans-serif; color: white; mso-themecolor: background1; mso-fareast-language: ES-MX;\">PORTEADORA EXTRANJERA.<\/span><\/b><\/p>\n<p class=\"MsoNormal\" style=\"mso-pagination: none; background: #92D050; mso-layout-grid-align: none; text-autospace: none; mso-element: frame; mso-element-frame-hspace: 7.05pt; mso-element-wrap: around; mso-element-anchor-vertical: paragraph; mso-element-anchor-horizontal: column; mso-element-left: center; mso-element-top: .05pt; mso-height-rule: exactly; margin: 0cm 8.55pt 2.0pt 7.35pt;\"><img data-recalc-dims=\"1\" loading=\"lazy\" decoding=\"async\" src=\"https:\/\/i0.wp.com\/barradecomercio.org\/noticomext\/IVA_forwarders_comisionistas\/IVA_Forwarders_comisionistas_archivos\/image004.jpg?resize=23%2C13&#038;ssl=1\" width=\"23\" height=\"13\" \/>\u00a0\u00a0\u00a0\u00a0 <b><span style=\"font-size: 9.0pt; line-height: 115%; font-family: 'Arial Narrow',sans-serif; color: white; mso-themecolor: background1; mso-fareast-language: ES-MX;\">AGENTE DE CARGA <\/span><\/b><span style=\"font-size: 9.0pt; line-height: 115%; font-family: 'Arial Narrow',sans-serif; color: white; mso-themecolor: background1; mso-fareast-language: ES-MX; mso-bidi-font-weight: bold;\">(Comisionista).<b><\/b><\/span><\/p>\n<ul>\n<li class=\"MsoListParagraph\" style=\"text-indent: -7.95pt; line-height: normal;\"><span style=\"color: #000000;\"><span style=\"font-size: 9.0pt; font-family: 'Arial Narrow',sans-serif; mso-fareast-language: ES-MX; mso-bidi-font-weight: bold;\">\u00a0 \u00a0<\/span><span style=\"font-size: 9.0pt; font-family: 'Arial Narrow',sans-serif; mso-fareast-language: ES-MX; mso-bidi-font-weight: bold;\">IVA: <b>Exento<\/b> al total del flete internacional al flete de<br \/>\nimportaci\u00f3n de empresa <b>PORTEADORA EXTRANJERA<\/b>.<\/span><\/span><\/li>\n<li class=\"MsoListParagraph\" style=\"text-indent: -7.95pt; line-height: normal;\"><span style=\"color: #000000;\"><span style=\"font-size: 9.0pt; font-family: 'Arial Narrow',sans-serif; mso-fareast-language: ES-MX; mso-bidi-font-weight: bold;\">\u00a0 \u00a0<\/span><span style=\"font-size: 9.0pt; font-family: 'Arial Narrow',sans-serif; mso-fareast-language: ES-MX; mso-bidi-font-weight: bold;\">IVA: <b>Tasa 16%<\/b> del servicios intermodales prestados en territorio nacional.<\/span><\/span><\/li>\n<\/ul>\n<\/td>\n<\/tr>\n<tr style=\"mso-yfti-irow: 7; height: 42.5pt;\">\n<td style=\"width: 50.0%; border: solid white 3.0pt; mso-border-themecolor: background1; border-top: none; mso-border-top-alt: solid white 3.0pt; mso-border-top-themecolor: background1; background: #D9E2F3; mso-background-themecolor: accent5; mso-background-themetint: 51; padding: 0cm 0cm 0cm 0cm; height: 42.5pt;\" valign=\"top\" width=\"50%\">\n<p class=\"MsoNormal\" style=\"mso-pagination: none; background: #9CC2E5; mso-background-themecolor: accent1; mso-background-themetint: 153; mso-layout-grid-align: none; text-autospace: none; mso-element: frame; mso-element-frame-hspace: 7.05pt; mso-element-wrap: around; mso-element-anchor-vertical: paragraph; mso-element-anchor-horizontal: column; mso-element-left: center; mso-element-top: .05pt; mso-height-rule: exactly; margin: 0cm 8.55pt 2.0pt 7.35pt;\"><img data-recalc-dims=\"1\" loading=\"lazy\" decoding=\"async\" src=\"https:\/\/i0.wp.com\/barradecomercio.org\/noticomext\/IVA_forwarders_comisionistas\/IVA_Forwarders_comisionistas_archivos\/image004.jpg?resize=23%2C13&#038;ssl=1\" width=\"23\" height=\"13\" \/> \u00a0\u00a0\u00a0<b><span style=\"font-size: 9.0pt; line-height: 115%; font-family: 'Arial Narrow',sans-serif; color: white; mso-themecolor: background1; mso-fareast-language: ES-MX;\">AGENTE DE CARGA <\/span><\/b><span style=\"font-size: 9.0pt; line-height: 115%; font-family: 'Arial Narrow',sans-serif; color: white; mso-themecolor: background1; mso-fareast-language: ES-MX; mso-bidi-font-weight: bold;\">(Comisionista).<b><\/b><\/span><\/p>\n<p class=\"MsoNormal\" style=\"mso-pagination: none; mso-layout-grid-align: none; text-autospace: none; mso-element: frame; mso-element-frame-hspace: 7.05pt; mso-element-wrap: around; mso-element-anchor-vertical: paragraph; mso-element-anchor-horizontal: column; mso-element-left: center; mso-element-top: .05pt; mso-height-rule: exactly; margin: 6.0pt 8.55pt 6.0pt 7.35pt;\"><span style=\"color: #000000;\"><b><span style=\"font-size: 9.0pt; line-height: 115%; font-family: 'Arial Narrow',sans-serif; mso-fareast-language: ES-MX;\">Servicios profesionales de exportaci\u00f3n (comisi\u00f3n).<\/span><\/b><\/span><\/p>\n<ul>\n<li class=\"MsoListParagraph\" style=\"text-indent: -7.8pt; line-height: normal;\"><span style=\"color: #000000;\"><span style=\"font-size: 9.0pt; font-family: 'Arial Narrow',sans-serif; mso-fareast-language: ES-MX; mso-bidi-font-weight: bold;\">\u00a0 \u00a0<\/span><span style=\"font-size: 9.0pt; font-family: 'Arial Narrow',sans-serif; mso-fareast-language: ES-MX; mso-bidi-font-weight: bold;\">IVA: <b>Tasa 0%<\/b> del IVA por <b>comisi\u00f3n<\/b> al cliente por servicios profesionales de exportaci\u00f3n (coordinaci\u00f3n log\u00edstica de exportaci\u00f3n) a <b>clientes nacionales o extranjeros<\/b>.<\/span><\/span><\/li>\n<\/ul>\n<\/td>\n<td style=\"width: 50.0%; border-top: none; border-left: none; border-bottom: solid white 3.0pt; mso-border-bottom-themecolor: background1; border-right: solid white 3.0pt; mso-border-right-themecolor: background1; mso-border-top-alt: solid white 3.0pt; mso-border-top-themecolor: background1; mso-border-left-alt: solid white 3.0pt; mso-border-left-themecolor: background1; background: #99FF99; padding: 0cm 0cm 0cm 0cm; height: 42.5pt;\" valign=\"top\" width=\"50%\">\n<p class=\"MsoNormal\" style=\"mso-pagination: none; background: #92D050; mso-layout-grid-align: none; text-autospace: none; mso-element: frame; mso-element-frame-hspace: 7.05pt; mso-element-wrap: around; mso-element-anchor-vertical: paragraph; mso-element-anchor-horizontal: column; mso-element-left: center; mso-element-top: .05pt; mso-height-rule: exactly; margin: 0cm 8.55pt 2.0pt 7.35pt;\"><b><span style=\"font-size: 9.0pt; line-height: 115%; font-family: 'Arial Narrow',sans-serif; color: white; mso-themecolor: background1; mso-fareast-language: ES-MX;\"><img data-recalc-dims=\"1\" loading=\"lazy\" decoding=\"async\" src=\"https:\/\/i0.wp.com\/barradecomercio.org\/noticomext\/IVA_forwarders_comisionistas\/IVA_Forwarders_comisionistas_archivos\/image004.jpg?resize=23%2C13&#038;ssl=1\" width=\"23\" height=\"13\" \/>\u00a0 \u00a0AGENTE DE CARGA <\/span><\/b><span style=\"font-size: 9.0pt; line-height: 115%; font-family: 'Arial Narrow',sans-serif; color: white; mso-themecolor: background1; mso-fareast-language: ES-MX; mso-bidi-font-weight: bold;\">(Comisionista).<b><\/b><\/span><\/p>\n<p class=\"MsoNormal\" style=\"mso-pagination: none; mso-layout-grid-align: none; text-autospace: none; mso-element: frame; mso-element-frame-hspace: 7.05pt; mso-element-wrap: around; mso-element-anchor-vertical: paragraph; mso-element-anchor-horizontal: column; mso-element-left: center; mso-element-top: .05pt; mso-height-rule: exactly; margin: 6.0pt 0cm 6.0pt 7.35pt;\"><span style=\"color: #000000;\"><b><span style=\"font-size: 9.0pt; line-height: 115%; font-family: 'Arial Narrow',sans-serif; mso-fareast-language: ES-MX;\">Servicios profesionales de importaci\u00f3n (comisi\u00f3n).<\/span><\/b><\/span><\/p>\n<ul>\n<li class=\"MsoListParagraph\" style=\"text-indent: -7.8pt; line-height: normal;\"><span style=\"color: #000000;\"><span style=\"font-size: 9.0pt; font-family: 'Arial Narrow',sans-serif; mso-fareast-language: ES-MX; mso-bidi-font-weight: bold;\">\u00a0 \u00a0<\/span><span style=\"font-size: 9.0pt; font-family: 'Arial Narrow',sans-serif; mso-fareast-language: ES-MX; mso-bidi-font-weight: bold;\">IVA: <b>Tasa 16%<\/b> del IVA por <b>comisi\u00f3n<\/b> al cliente por servicios profesionales de importaci\u00f3n (coordinaci\u00f3n log\u00edstica de importaci\u00f3n) a <b>clientes nacionales<\/b>.<\/span><\/span><\/li>\n<li class=\"MsoListParagraph\" style=\"text-indent: -7.8pt; line-height: normal;\"><span style=\"color: #000000;\"><span style=\"font-size: 9.0pt; font-family: 'Arial Narrow',sans-serif; mso-fareast-language: ES-MX; mso-bidi-font-weight: bold;\">\u00a0 \u00a0<\/span><span style=\"font-size: 9.0pt; font-family: 'Arial Narrow',sans-serif; mso-fareast-language: ES-MX; mso-bidi-font-weight: bold;\">IVA: <b>Tasa 0%<\/b> del IVA por <b>comisi\u00f3n<\/b> al cliente por servicios profesionales de importaci\u00f3n (coordinaci\u00f3n log\u00edstica de importaci\u00f3n) a <b>clientes extranjeros<\/b>.<\/span><\/span><\/li>\n<\/ul>\n<\/td>\n<\/tr>\n<tr style=\"mso-yfti-irow: 8; mso-yfti-lastrow: yes; height: 42.5pt;\">\n<td style=\"width: 50.0%; border: solid white 3.0pt; mso-border-themecolor: background1; border-top: none; mso-border-top-alt: solid white 3.0pt; mso-border-top-themecolor: background1; background: #D9E2F3; mso-background-themecolor: accent5; mso-background-themetint: 51; padding: 0cm 0cm 0cm 0cm; height: 42.5pt;\" valign=\"top\" width=\"50%\">\n<p class=\"MsoNormal\" style=\"mso-pagination: none; background: #9CC2E5; mso-background-themecolor: accent1; mso-background-themetint: 153; mso-layout-grid-align: none; text-autospace: none; mso-element: frame; mso-element-frame-hspace: 7.05pt; mso-element-wrap: around; mso-element-anchor-vertical: paragraph; mso-element-anchor-horizontal: column; mso-element-left: center; mso-element-top: .05pt; mso-height-rule: exactly; margin: 0cm 8.55pt 2.0pt 7.35pt;\"><b><span style=\"font-size: 9.0pt; line-height: 115%; font-family: 'Arial Narrow',sans-serif; color: white; mso-themecolor: background1; mso-fareast-language: ES-MX;\"><img data-recalc-dims=\"1\" loading=\"lazy\" decoding=\"async\" src=\"https:\/\/i0.wp.com\/barradecomercio.org\/noticomext\/IVA_forwarders_comisionistas\/IVA_Forwarders_comisionistas_archivos\/image004.jpg?resize=23%2C13&#038;ssl=1\" width=\"23\" height=\"13\" \/>\u00a0 \u00a0AGENTE DE CARGA <\/span><\/b><span style=\"font-size: 9.0pt; line-height: 115%; font-family: 'Arial Narrow',sans-serif; color: white; mso-themecolor: background1; mso-fareast-language: ES-MX; mso-bidi-font-weight: bold;\">(Comisionista).<b><\/b><\/span><\/p>\n<p class=\"MsoListParagraph\" style=\"text-indent: -7.8pt; line-height: normal; mso-pagination: none; mso-list: l0 level1 lfo2; mso-layout-grid-align: none; text-autospace: none; mso-element: frame; mso-element-frame-hspace: 7.05pt; mso-element-wrap: around; mso-element-anchor-vertical: paragraph; mso-element-anchor-horizontal: column; mso-element-left: center; mso-element-top: .05pt; mso-height-rule: exactly; margin: 2.0pt 8.55pt 2.0pt 7.8pt;\"><span style=\"color: #000000;\"><span style=\"font-size: 9.0pt; font-family: 'Arial Narrow',sans-serif; mso-fareast-language: ES-MX;\">\u00a0 \u00a0<\/span><span style=\"font-size: 9.0pt; font-family: 'Arial Narrow',sans-serif; mso-fareast-language: ES-MX;\">El AGENTE DE CARGA debe estar autorizado para firmar la gu\u00eda de transporte como embarcador <\/span><span style=\"font-size: 9.0pt; font-family: 'Arial Narrow',sans-serif; mso-fareast-language: ES-MX; mso-bidi-font-weight: bold;\">facturando el servicio del flete <b><u>a tasa 0%<\/u><\/b><u> del IVA si contrata una empresa porteadora nacional <b>o exenta<\/b>, si es porteadora extranjera.<\/u><\/span><\/span><\/p>\n<\/td>\n<td style=\"width: 50.0%; border-top: none; border-left: none; border-bottom: solid white 3.0pt; mso-border-bottom-themecolor: background1; border-right: solid white 3.0pt; mso-border-right-themecolor: background1; mso-border-top-alt: solid white 3.0pt; mso-border-top-themecolor: background1; mso-border-left-alt: solid white 3.0pt; mso-border-left-themecolor: background1; background: #99FF99; padding: 0cm 0cm 0cm 0cm; height: 42.5pt;\" valign=\"top\" width=\"50%\">\n<p class=\"MsoNormal\" style=\"mso-pagination: none; background: #92D050; mso-layout-grid-align: none; text-autospace: none; mso-element: frame; mso-element-frame-hspace: 7.05pt; mso-element-wrap: around; mso-element-anchor-vertical: paragraph; mso-element-anchor-horizontal: column; mso-element-left: center; mso-element-top: .05pt; mso-height-rule: exactly; margin: 0cm 8.55pt 2.0pt 7.35pt;\"><b><span style=\"font-size: 9.0pt; line-height: 115%; font-family: 'Arial Narrow',sans-serif; color: white; mso-themecolor: background1; mso-fareast-language: ES-MX;\"><img data-recalc-dims=\"1\" loading=\"lazy\" decoding=\"async\" src=\"https:\/\/i0.wp.com\/barradecomercio.org\/noticomext\/IVA_forwarders_comisionistas\/IVA_Forwarders_comisionistas_archivos\/image004.jpg?resize=23%2C13&#038;ssl=1\" width=\"23\" height=\"13\" \/>\u00a0 \u00a0AGENTE DE CARGA <\/span><\/b><span style=\"font-size: 9.0pt; line-height: 115%; font-family: 'Arial Narrow',sans-serif; color: white; mso-themecolor: background1; mso-fareast-language: ES-MX; mso-bidi-font-weight: bold;\">(Comisionista).<b><\/b><\/span><\/p>\n<p class=\"MsoListParagraph\" style=\"text-indent: -7.8pt; line-height: normal; mso-pagination: none; mso-list: l0 level1 lfo2; mso-layout-grid-align: none; text-autospace: none; mso-element: frame; mso-element-frame-hspace: 7.05pt; mso-element-wrap: around; mso-element-anchor-vertical: paragraph; mso-element-anchor-horizontal: column; mso-element-left: center; mso-element-top: .05pt; mso-height-rule: exactly; margin: 2.0pt 8.55pt 2.0pt 7.8pt;\"><span style=\"font-size: 9.0pt; font-family: 'Arial Narrow',sans-serif; mso-fareast-language: ES-MX;\">\u00a0<span style=\"color: #000000;\"> \u00a0<\/span><\/span><span style=\"color: #000000;\"><span style=\"font-size: 9.0pt; font-family: 'Arial Narrow',sans-serif; mso-fareast-language: ES-MX;\">El AGENTE DE CARGA debe estar autorizado para firmar la gu\u00eda de transporte como embarcador <\/span><span style=\"font-size: 9.0pt; font-family: 'Arial Narrow',sans-serif; mso-fareast-language: ES-MX; mso-bidi-font-weight: bold;\">facturando el servicio del flete <b><u>no sujeto al impuesto<\/u><\/b><u> por tratarse de servicios prestados fuera de territorio nacional.<\/u><\/span><\/span><\/p>\n<p>&nbsp;<\/td>\n<\/tr>\n<\/tbody>\n<\/table>\n<p class=\"MsoNormal\">\n<\/div>\n<p>&nbsp;<\/p>\n<p align=\"center\"><em>Fuente: Ley del IVA. Tabla elaborada por Barra Nacional de Comercio Exterior. <\/em><\/p>\n<p>De requerir mayor asesor\u00ed\u00ada respecto a la correcta aplicaci\u00f3n del IVA en sus operaciones de comercio exterior consulte a nuestros especialistas v\u00ed\u00ada telef\u00f3nica o correo electr\u00f3nico. Recuerde que la prevenci\u00f3n es la mejor manera de desarrollar nuestro comercio exterior.<\/p>\n<p>&nbsp;<\/p>\n<p>Atentamente,<\/p>\n<p>Barra Nacional de Comercio Exterior<\/p>\n<p><strong>Fuente:<\/strong> Comercio Exterior \/ Barra Nacional de Comercio Exterior \u00ae<\/p>\n<p>&nbsp;<\/p>\n<h2 style=\"text-align: left;\"><span style=\"color: #008080;\">Contacto para asesor\u00ed\u00ada<\/span><\/h2>\n<ul>\n<li style=\"text-align: left;\">Tel\u00e9fono: 55 45 98 86 56<\/li>\n<li style=\"text-align: left;\">Email: informes@barradecomercio.org.mx<\/li>\n<li style=\"text-align: left;\">WhatsApp: \u00a0 <a href=\"https:\/\/api.whatsapp.com\/send?phone=525545988656&amp;text=Quiero%20informaci\u00f3n%20sobre...\">+52 55 45 98 86 56<\/a><\/li>\n<\/ul>\n<p><a href=\"https:\/\/api.whatsapp.com\/send?phone=525545988656&amp;text=Quiero%20informaci\u00f3n%20sobre...\" target=\"_blank\" rel=\"noopener\"><img data-recalc-dims=\"1\" loading=\"lazy\" decoding=\"async\" class=\"aligncenter wp-image-8391\" src=\"https:\/\/i0.wp.com\/barradecomercio.org\/wp-content\/uploads\/2018\/06\/logo.whatss.png?resize=47%2C47&#038;ssl=1\" alt=\"\" width=\"47\" height=\"47\" \/><\/a><\/p>\n<p style=\"text-align: center;\"><span style=\"font-size: 16px;\"><b>Solicitar cotizaci\u00f3n.<\/b><\/span><\/p>\n<p>&nbsp;<\/p>\n<h2><span style=\"color: #008080;\">Solicitar cotizaci\u00f3n consulta de IVA<\/span><\/h2>\n<div data-test='contact-form' id='contact-form-11989' class='wp-block-jetpack-contact-form-container '>\n<form action='https:\/\/barradecomercio.org\/?p=11989#contact-form-11989' method='post' class='contact-form commentsblock' aria-label=\"Aplicaci\u00f3n del IVA para Agentes de Carga &quot;Comisionistas&quot;. Forwarders\" novalidate>\n\n<div style=\"\" class='grunion-field-name-wrap grunion-field-wrap'  >\n<label\n\t\t\t\tfor='g11989-nombre'\n\t\t\t\tclass='grunion-field-label name'>Nombre<span class=\"grunion-label-required\" aria-hidden=\"true\">(obligatorio)<\/span><\/label>\n<input\n\t\t\t\t\ttype='text'\n\t\t\t\t\tname='g11989-nombre'\n\t\t\t\t\tid='g11989-nombre'\n\t\t\t\t\tvalue=''\n\t\t\t\t\tclass='name  grunion-field' \n\t\t\t\t\trequired aria-required='true' \/>\n\t<\/div>\n\n<div style=\"\" class='grunion-field-email-wrap grunion-field-wrap'  >\n<label\n\t\t\t\tfor='g11989-correoelectrnico'\n\t\t\t\tclass='grunion-field-label email'>Correo electr\u00f3nico<span class=\"grunion-label-required\" aria-hidden=\"true\">(obligatorio)<\/span><\/label>\n<input\n\t\t\t\t\ttype='email'\n\t\t\t\t\tname='g11989-correoelectrnico'\n\t\t\t\t\tid='g11989-correoelectrnico'\n\t\t\t\t\tvalue=''\n\t\t\t\t\tclass='email  grunion-field' \n\t\t\t\t\trequired aria-required='true' \/>\n\t<\/div>\n\n<div style=\"\" class='grunion-field-text-wrap grunion-field-wrap'  >\n<label\n\t\t\t\tfor='g11989-whatsappotelfono'\n\t\t\t\tclass='grunion-field-label text'>WhatsApp o tel\u00e9fono<span class=\"grunion-label-required\" aria-hidden=\"true\">(obligatorio)<\/span><\/label>\n<input\n\t\t\t\t\ttype='text'\n\t\t\t\t\tname='g11989-whatsappotelfono'\n\t\t\t\t\tid='g11989-whatsappotelfono'\n\t\t\t\t\tvalue=''\n\t\t\t\t\tclass='text  grunion-field' \n\t\t\t\t\trequired aria-required='true' \/>\n\t<\/div>\n\n<div style=\"\" class='grunion-field-textarea-wrap grunion-field-wrap'  >\n<label\n\t\t\t\tfor='contact-form-comment-g11989-mensajeoconsulta'\n\t\t\t\tclass='grunion-field-label textarea'>Mensaje o consulta<span class=\"grunion-label-required\" aria-hidden=\"true\">(obligatorio)<\/span><\/label>\n<textarea\n\t\t                style=''\n\t\t                name='g11989-mensajeoconsulta'\n\t\t                id='contact-form-comment-g11989-mensajeoconsulta'\n\t\t                rows='20' class='textarea  grunion-field'  required aria-required='true'><\/textarea>\n\t<\/div>\n\t<p class='contact-submit'>\n\t\t<button type='submit' class='pushbutton-wide'>Enviar<\/button>\t\t<input type='hidden' name='contact-form-id' value='11989' \/>\n\t\t<input type='hidden' name='action' value='grunion-contact-form' \/>\n\t\t<input type='hidden' name='contact-form-hash' value='ab750c14b28248608d68f1f28e20d916ff92bd1b' \/>\n\t<\/p>\n<p style=\"display: none !important;\" class=\"akismet-fields-container\" data-prefix=\"ak_\"><label>&#916;<textarea name=\"ak_hp_textarea\" cols=\"45\" rows=\"8\" maxlength=\"100\"><\/textarea><\/label><input type=\"hidden\" id=\"ak_js_1\" name=\"ak_js\" value=\"236\"\/><script>document.getElementById( \"ak_js_1\" ).setAttribute( \"value\", ( new Date() ).getTime() );<\/script><\/p><\/form>\n<\/div>\n<h2><span style=\"color: #008080;\">Notas relacionadas del IVA<\/span><\/h2>\n<p>&nbsp;<\/p>\n","protected":false},"excerpt":{"rendered":"<p>Las operaciones de los agentes de carga contempla distintos supuestos de aplicaci\u00f3n tanto para operaciones de exportaci\u00f3n como operaciones de importaci\u00f3n, as\u00ed como la contrataci\u00f3n de distintos medios de transporte, por lo anterior es necesario precisar la correcta aplicaci\u00f3n de la Ley del Impuesto al Valor Agregado, tanto para operaciones que se efect\u00faan en territorio&hellip; <br \/> <a class=\"read-more\" href=\"https:\/\/barradecomercio.org\/?p=11989\">Seguir leyendo&#8230;<\/a><\/p>\n","protected":false},"author":2,"featured_media":12006,"comment_status":"open","ping_status":"closed","sticky":false,"template":"","format":"standard","meta":{"jetpack_post_was_ever_published":false,"_jetpack_newsletter_access":"","_jetpack_dont_email_post_to_subs":false,"_jetpack_newsletter_tier_id":0,"_jetpack_memberships_contains_paywalled_content":false,"_jetpack_memberships_contains_paid_content":false,"footnotes":""},"categories":[1838,312,3],"tags":[1197,1476,1760,1544,905,461,1841,39,37,75,1842,1840,127,1608,66],"table_tags":[],"class_list":["post-11989","post","type-post","status-publish","format-standard","has-post-thumbnail","hentry","category-fiscal","category-logistica-2","category-noticomext","tag-agente","tag-carga","tag-comisionista","tag-exento","tag-fiscal","tag-forwarder","tag-intermediario","tag-isr","tag-iva","tag-logistica","tag-no-sujeto","tag-reexpedidor","tag-retencion","tag-tasa","tag-transporte"],"jetpack_featured_media_url":"https:\/\/i0.wp.com\/barradecomercio.org\/wp-content\/uploads\/2024\/03\/Ejemplos-aplicacion-IVA-Comercio-Exterior-Forwarders.jpg?fit=960%2C720&ssl=1","jetpack-related-posts":[],"jetpack_sharing_enabled":true,"_links":{"self":[{"href":"https:\/\/barradecomercio.org\/index.php?rest_route=\/wp\/v2\/posts\/11989","targetHints":{"allow":["GET"]}}],"collection":[{"href":"https:\/\/barradecomercio.org\/index.php?rest_route=\/wp\/v2\/posts"}],"about":[{"href":"https:\/\/barradecomercio.org\/index.php?rest_route=\/wp\/v2\/types\/post"}],"author":[{"embeddable":true,"href":"https:\/\/barradecomercio.org\/index.php?rest_route=\/wp\/v2\/users\/2"}],"replies":[{"embeddable":true,"href":"https:\/\/barradecomercio.org\/index.php?rest_route=%2Fwp%2Fv2%2Fcomments&post=11989"}],"version-history":[{"count":17,"href":"https:\/\/barradecomercio.org\/index.php?rest_route=\/wp\/v2\/posts\/11989\/revisions"}],"predecessor-version":[{"id":12095,"href":"https:\/\/barradecomercio.org\/index.php?rest_route=\/wp\/v2\/posts\/11989\/revisions\/12095"}],"wp:featuredmedia":[{"embeddable":true,"href":"https:\/\/barradecomercio.org\/index.php?rest_route=\/wp\/v2\/media\/12006"}],"wp:attachment":[{"href":"https:\/\/barradecomercio.org\/index.php?rest_route=%2Fwp%2Fv2%2Fmedia&parent=11989"}],"wp:term":[{"taxonomy":"category","embeddable":true,"href":"https:\/\/barradecomercio.org\/index.php?rest_route=%2Fwp%2Fv2%2Fcategories&post=11989"},{"taxonomy":"post_tag","embeddable":true,"href":"https:\/\/barradecomercio.org\/index.php?rest_route=%2Fwp%2Fv2%2Ftags&post=11989"},{"taxonomy":"table_tags","embeddable":true,"href":"https:\/\/barradecomercio.org\/index.php?rest_route=%2Fwp%2Fv2%2Ftable_tags&post=11989"}],"curies":[{"name":"wp","href":"https:\/\/api.w.org\/{rel}","templated":true}]}}